{"id":8896,"date":"2026-03-16T20:07:09","date_gmt":"2026-03-16T20:07:09","guid":{"rendered":"https:\/\/www.newsrecorder.ro\/app\/2026\/03\/16\/granturi-pentru-femei-antreprenor-si-fonduri-pentru-mine-in-start-up-nation-iv\/"},"modified":"2026-03-16T20:07:09","modified_gmt":"2026-03-16T20:07:09","slug":"granturi-pentru-femei-antreprenor-si-fonduri-pentru-mine-in-start-up-nation-iv","status":"publish","type":"post","link":"https:\/\/www.newsrecorder.ro\/app\/2026\/03\/16\/granturi-pentru-femei-antreprenor-si-fonduri-pentru-mine-in-start-up-nation-iv\/","title":{"rendered":"Granturi pentru femei antreprenor \u0219i fonduri pentru mine \u00een Start-Up Nation IV!"},"content":{"rendered":"<p style=\"text-align: left\">Ministrul Economiei a anun\u021bat recent ini\u021biative importante destinate sprijinirii antreprenoriatului feminin \u0219i dezvolt\u0103rii economice \u00een cadrul prezent\u0103rii bugetului pe anul 2026. \u201eFacem performan\u021b\u0103, de exemplu, pentru a dezvolta antreprenoriatul \u0219i pentru a \u00eembun\u0103t\u0103\u021bi modul de func\u021bionare pe parcurs. Am prins pentru prima oar\u0103 bugetul necesar pentru a acorda granturi dedicate femeilor antreprenor prin programul SBA Antreprenor\u201d, a declarat acesta.<\/p>\n<p style=\"text-align: left\">Acest program, inspirat din ini\u021biativa european\u0103 Small Business Act, \u00ee\u0219i propune s\u0103 sprijine femeile care doresc s\u0103 \u00ee\u0219i dezvolte propriile afaceri, av\u00e2nd ca scop stimularea antreprenoriatului feminin \u0219i sus\u021binerea dezvolt\u0103rii \u00eentreprinderilor mici \u0219i mijlocii.<\/p>\n<p style=\"text-align: left\">\u00cen plus, ministerul se preg\u0103te\u0219te s\u0103 lanseze o nou\u0103 edi\u021bie a programului Start-Up Nation, dedicat\u0103 sprijinirii antreprenorilor. \u201eVom lansa a patra edi\u021bie a programului Start-Up Nation, cu finan\u021barea adecvat\u0103\u201d, a afirmat Irineu Dar\u0103u, subliniind importan\u021ba acestui program pentru dezvoltarea antreprenoriatului \u00een Rom\u00e2nia.<\/p>\n<p style=\"text-align: left\">De asemenea, ministerul \u00ee\u0219i propune s\u0103 dezvolte infrastructura de inovare. \u201eAm prins \u00een buget \u0219i angajamente pentru dezvoltarea infrastructurii de inovare, prin finan\u021barea a 150 de incubatoare tehnologice \u00een perioada 2020\u20132027\u201d, a ad\u0103ugat ministrul, specific\u00e2nd c\u0103 aceste incubatoare vor sprijini start-up-urile \u0219i \u00eentreprinderile mici aflate la \u00eenceput de drum.<\/p>\n<p style=\"text-align: left\">Bugetul Ministerului Economiei pe acest an include \u0219i fonduri destinate sus\u021binerii activit\u0103\u021bilor economice la nivel local. \u201eAvem aici fonduri pentru investi\u021bii publice, pentru dezvoltarea activit\u0103\u021bii regionale, pentru microindustrializare \u0219i pentru scheme de sprijin\u201d, a declarat Dar\u0103u. Ministerul \u00ee\u0219i propune, de asemenea, s\u0103 creasc\u0103 atragerea \u0219i utilizarea fondurilor europene, cu un accent pe eficien\u021ba cheltuirii acestora. \u201eVrem s\u0103 urm\u0103rim atragerea \u0219i cheltuirea c\u00e2t mai eficient\u0103 a fondurilor din PNRR\u201d, a ad\u0103ugat ministrul.<\/p>\n<p style=\"text-align: left\">Pe l\u00e2ng\u0103 acestea, fondurile pentru Programul Geologic Na\u021bional, care include lucr\u0103rile de \u00eenchidere \u0219i reconstruc\u021bie ecologic\u0103 a obiectivelor miniere, vor fi, de asemenea, majorate. \u201e\u00cen ceea ce \u00eenseamn\u0103 resurse minerale, ne vom concentra pe o cunoa\u0219tere mai bun\u0103 a resurselor disponibile prin cre\u0219terea finan\u021b\u0103rii pentru Programul Geologic Na\u021bional. Aici am alocat considerabil mai mult buget, aproximativ dublu\u201d, a precizat ministrul Economiei.<\/p>\n<p style=\"text-align: left\">\u00cen ceea ce prive\u0219te industria de ap\u0103rare, Dar\u0103u a anun\u021bat o reducere a major\u0103rilor de capital pentru companiile din acest sector. \u201eAm renun\u021bat la majorarea de capital pentru companiile de stat din ap\u0103rare, pentru c\u0103 exist\u0103 foarte mult capital deja disponibil. Anul acesta ne vom concentra s\u0103 g\u0103sim variante pentru a cheltui eficient \u0219i a investi acel capital deja existent\u201d, a explicat ministrul.<\/p>\n<p style=\"text-align: left\">Conform acestuia, filialele companiei Romarm dispun \u00een prezent de aproximativ 1,5 miliarde de lei \u00een conturi, ceea ce face ca o nou\u0103 majorare de capital s\u0103 nu fie necesar\u0103.<\/p>\n","protected":false},"excerpt":{"rendered":"<p>Ministrul Economiei a anun\u021bat recent ini\u021biative importante destinate sprijinirii antreprenoriatului feminin \u0219i dezvolt\u0103rii economice \u00een cadrul prezent\u0103rii bugetului pe anul 2026. \u201eFacem performan\u021b\u0103, de exemplu, pentru a dezvolta antreprenoriatul \u0219i pentru a \u00eembun\u0103t\u0103\u021bi modul de func\u021bionare pe parcurs. Am prins pentru prima oar\u0103 bugetul necesar pentru a acorda granturi dedicate femeilor antreprenor prin programul SBA [&hellip;]<\/p>\n","protected":false},"author":4,"featured_media":8897,"comment_status":"open","ping_status":"open","sticky":false,"template":"","format":"standard","meta":{"jnews-multi-image_gallery":[],"jnews_single_post":[],"jnews_primary_category":[],"jnews_override_counter":[],"footnotes":""},"categories":[40],"tags":[11705,2488,1075,11706,11709,5210,11707,11708],"class_list":["post-8896","post","type-post","status-publish","format-standard","has-post-thumbnail","hentry","category-econonie","tag-antreprenoriat-feminin","tag-buget-2026","tag-dezvoltare-economica","tag-granturi-femei-antreprenor","tag-initiative-economice","tag-intreprinderi-mici-si-mijlocii","tag-program-sba-antreprenor","tag-start-up-nation"],"_links":{"self":[{"href":"https:\/\/www.newsrecorder.ro\/app\/wp-json\/wp\/v2\/posts\/8896","targetHints":{"allow":["GET"]}}],"collection":[{"href":"https:\/\/www.newsrecorder.ro\/app\/wp-json\/wp\/v2\/posts"}],"about":[{"href":"https:\/\/www.newsrecorder.ro\/app\/wp-json\/wp\/v2\/types\/post"}],"author":[{"embeddable":true,"href":"https:\/\/www.newsrecorder.ro\/app\/wp-json\/wp\/v2\/users\/4"}],"replies":[{"embeddable":true,"href":"https:\/\/www.newsrecorder.ro\/app\/wp-json\/wp\/v2\/comments?post=8896"}],"version-history":[{"count":0,"href":"https:\/\/www.newsrecorder.ro\/app\/wp-json\/wp\/v2\/posts\/8896\/revisions"}],"wp:featuredmedia":[{"embeddable":true,"href":"https:\/\/www.newsrecorder.ro\/app\/wp-json\/wp\/v2\/media\/8897"}],"wp:attachment":[{"href":"https:\/\/www.newsrecorder.ro\/app\/wp-json\/wp\/v2\/media?parent=8896"}],"wp:term":[{"taxonomy":"category","embeddable":true,"href":"https:\/\/www.newsrecorder.ro\/app\/wp-json\/wp\/v2\/categories?post=8896"},{"taxonomy":"post_tag","embeddable":true,"href":"https:\/\/www.newsrecorder.ro\/app\/wp-json\/wp\/v2\/tags?post=8896"}],"curies":[{"name":"wp","href":"https:\/\/api.w.org\/{rel}","templated":true}]}}