{"id":8920,"date":"2026-03-16T20:38:44","date_gmt":"2026-03-16T20:38:44","guid":{"rendered":"https:\/\/www.newsrecorder.ro\/app\/2026\/03\/16\/revenirea-spectaculoasa-a-echipei-feminine-de-fotbal-in-iran\/"},"modified":"2026-03-16T20:38:44","modified_gmt":"2026-03-16T20:38:44","slug":"revenirea-spectaculoasa-a-echipei-feminine-de-fotbal-in-iran","status":"publish","type":"post","link":"https:\/\/www.newsrecorder.ro\/app\/2026\/03\/16\/revenirea-spectaculoasa-a-echipei-feminine-de-fotbal-in-iran\/","title":{"rendered":"Revenirea spectaculoas\u0103 a echipei feminine de fotbal \u00een Iran!"},"content":{"rendered":"<p>Un grup de juc\u0103toare de fotbal din Iran a c\u0103utat ad\u0103post \u00een Australia, dup\u0103 ce au fost etichetate drept \u201etr\u0103d\u0103toare\u201d de c\u0103tre televiziunea iranian\u0103, din cauza deciziei lor de a nu c\u00e2nta imnul na\u021bional \u00eenainte de un meci. Aceast\u0103 situa\u021bie a fost relatat\u0103 de Sky News.<\/p>\n<p>\u00cen timp ce juc\u0103toarele au ales s\u0103 fug\u0103, restul echipei a r\u0103mas \u00een Kuala Lumpur, capitala Malaeziei, unde se desf\u0103\u0219oar\u0103 competi\u021bia.<\/p>\n<p>Ministrul australian al imigra\u021biei a descris aceast\u0103 situa\u021bie ca fiind \u201efoarte complex\u0103\u201d, subliniind c\u0103 implic\u0103 \u201edecizii profund personale\u201d pentru fiecare dintre juc\u0103toare.<\/p>\n<p>Activistii pentru drepturile omului au subliniat c\u0103 presiunea exercitat\u0103 de regimul iranian a influen\u021bat schimbarea de atitudine a acestor femei, care au ales s\u0103 se distan\u021beze de simbolurile na\u021bionale opresive.<\/p>\n<p>Pe de alt\u0103 parte, mass-media din Iran a interpretat aceast\u0103 situa\u021bie ca pe o victorie propagandistic\u0103, afirm\u00e2nd s\u00e2mb\u0103t\u0103 c\u0103 juc\u0103toarele \u201ese \u00eentorc la \u00eembr\u0103\u021bi\u0219area cald\u0103 a familiei \u0219i a patriei lor\u201d, \u00eencerc\u00e2nd astfel s\u0103 r\u0103spund\u0103 criticilor interna\u021bionale.<\/p>\n","protected":false},"excerpt":{"rendered":"<p>Un grup de juc\u0103toare de fotbal din Iran a c\u0103utat ad\u0103post \u00een Australia, dup\u0103 ce au fost etichetate drept \u201etr\u0103d\u0103toare\u201d de c\u0103tre televiziunea iranian\u0103, din cauza deciziei lor de a nu c\u00e2nta imnul na\u021bional \u00eenainte de un meci. Aceast\u0103 situa\u021bie a fost relatat\u0103 de Sky News. \u00cen timp ce juc\u0103toarele au ales s\u0103 fug\u0103, restul [&hellip;]<\/p>\n","protected":false},"author":2,"featured_media":8921,"comment_status":"open","ping_status":"open","sticky":false,"template":"","format":"standard","meta":{"jnews-multi-image_gallery":[],"jnews_single_post":[],"jnews_primary_category":[],"jnews_override_counter":[],"footnotes":""},"categories":[39],"tags":[4425,5008,82,89,9226,913,3503,11730],"class_list":["post-8920","post","type-post","status-publish","format-standard","has-post-thumbnail","hentry","category-stirile-zilei","tag-australia","tag-drepturile-omului","tag-echipa","tag-fotbal","tag-imn-national","tag-iran","tag-presiune","tag-simboluri-nationale"],"_links":{"self":[{"href":"https:\/\/www.newsrecorder.ro\/app\/wp-json\/wp\/v2\/posts\/8920","targetHints":{"allow":["GET"]}}],"collection":[{"href":"https:\/\/www.newsrecorder.ro\/app\/wp-json\/wp\/v2\/posts"}],"about":[{"href":"https:\/\/www.newsrecorder.ro\/app\/wp-json\/wp\/v2\/types\/post"}],"author":[{"embeddable":true,"href":"https:\/\/www.newsrecorder.ro\/app\/wp-json\/wp\/v2\/users\/2"}],"replies":[{"embeddable":true,"href":"https:\/\/www.newsrecorder.ro\/app\/wp-json\/wp\/v2\/comments?post=8920"}],"version-history":[{"count":0,"href":"https:\/\/www.newsrecorder.ro\/app\/wp-json\/wp\/v2\/posts\/8920\/revisions"}],"wp:featuredmedia":[{"embeddable":true,"href":"https:\/\/www.newsrecorder.ro\/app\/wp-json\/wp\/v2\/media\/8921"}],"wp:attachment":[{"href":"https:\/\/www.newsrecorder.ro\/app\/wp-json\/wp\/v2\/media?parent=8920"}],"wp:term":[{"taxonomy":"category","embeddable":true,"href":"https:\/\/www.newsrecorder.ro\/app\/wp-json\/wp\/v2\/categories?post=8920"},{"taxonomy":"post_tag","embeddable":true,"href":"https:\/\/www.newsrecorder.ro\/app\/wp-json\/wp\/v2\/tags?post=8920"}],"curies":[{"name":"wp","href":"https:\/\/api.w.org\/{rel}","templated":true}]}}