{"id":8922,"date":"2026-03-16T20:39:12","date_gmt":"2026-03-16T20:39:12","guid":{"rendered":"https:\/\/www.newsrecorder.ro\/app\/2026\/03\/16\/tensiuni-globale-pakistanul-ataca-kabulul-escaladand-conflictul\/"},"modified":"2026-03-16T20:39:12","modified_gmt":"2026-03-16T20:39:12","slug":"tensiuni-globale-pakistanul-ataca-kabulul-escaladand-conflictul","status":"publish","type":"post","link":"https:\/\/www.newsrecorder.ro\/app\/2026\/03\/16\/tensiuni-globale-pakistanul-ataca-kabulul-escaladand-conflictul\/","title":{"rendered":"Tensiuni globale: Pakistanul atac\u0103 Kabulul, escalad\u00e2nd conflictul!"},"content":{"rendered":"<p>\u00centre orele 21:00 \u0219i 21:15 (16:30 &#8211; 16:45 GMT), mai multe explozii au zguduit capitala afgan\u0103, Kabul, gener\u00e2nd panic\u0103 \u00een r\u00e2ndul locuitorilor. Nori de fum erau vizibili din zonele Shahr-e-Naw \u0219i Wazir Akbar Khan, conform unei relat\u0103ri a AFP.<\/p>\n<p>Aceste explozii, survenind cu c\u00e2teva zile \u00eenainte de finalul lunii sfinte a Ramadanului, au determinat familiile s\u0103 abandoneze postul \u0219i s\u0103 caute refugiu \u00een locuri mai sigure, a declarat un fotograf AFP. Mul\u021bi locuitori s-au gr\u0103bit s\u0103 se ad\u0103posteasc\u0103 \u00een subsoluri, \u00een \u00eencercarea de a se proteja de atacuri.<\/p>\n<p>Zabihullah Mujahid, purt\u0103torul de cuv\u00e2nt al guvernului taliban, a acuzat armata pakistanez\u0103 de o nou\u0103 \u00eenc\u0103lcare a teritoriului afgan, descriind atacurile ca fiind \u201eo crim\u0103\u201d \u0219i un \u201eact de inumanitate\u201d.<\/p>\n<p>\u00cen ultimele s\u0103pt\u0103m\u00e2ni, armata pakistanez\u0103 a efectuat mai multe atacuri asupra Kabulului, conflictul fiind alimentat de acuza\u021bii c\u0103 guvernul taliban ad\u0103poste\u0219te extremi\u0219ti implica\u021bi \u00een atacuri transfrontaliere. Mujahid a subliniat c\u0103 ultimele bombardamente au vizat un centru de tratament pentru dependen\u021ba de droguri, provoc\u00e2nd moartea mai multor civili. Totu\u0219i, nu au existat verific\u0103ri independente ale acestei afirma\u021bii, iar armata pakistanez\u0103 nu a comentat la solicit\u0103rile AFP.<\/p>\n<p>Sunetul tunurilor antiaeriene s-a stins \u00een jurul orei 22:00, iar sirenele ambulan\u021belor au \u00eenceput s\u0103 r\u0103sune \u00een ora\u0219.<\/p>\n<p>Conflictul dintre cele dou\u0103 p\u0103r\u021bi a escaladat \u00een octombrie anul trecut, provoc\u00e2nd zeci de victime, iar dup\u0103 o perioad\u0103 de calm, a re\u00eenceput luna trecut\u0103, Pakistanul caracteriz\u00e2nd situa\u021bia drept \u201er\u0103zboi deschis\u201d. Vineri, misiunea Na\u021biunilor Unite \u00een Afganistan a raportat moartea a cel pu\u021bin 75 de civili \u00een urma intensific\u0103rii confrunt\u0103rilor cu Pakistanul, care au \u00eenceput pe 26 februarie. Ambele p\u0103r\u021bi sus\u021bin c\u0103 nu \u00ee\u0219i vizeaz\u0103 civilii.<\/p>\n<p>Raport\u0103rile de atacuri aeriene \u0219i bombardamente sunt frecvente \u00een regiunile de frontier\u0103 din estul \u0219i sudul Afganistanului. Duminica trecut\u0103, bombardamentele pakistaneze au dus la moartea a trei copii \u0219i a unei femei, conform oficialilor afgani. Doi copii au fost uci\u0219i \u00een urma unui bombardament cu mortiere \u00een zona Khost, iar un alt civil a fost omor\u00e2t \u00een provincia Nuristan, c\u00e2nd o lovitur\u0103 a atins o \u201elocuin\u021b\u0103 civil\u0103\u201d, a declarat purt\u0103torul de cuv\u00e2nt adjunct al guvernului, Hamdullah Fitrat.<\/p>\n<p>\u00cen total, autorit\u0103\u021bile afgane raporteaz\u0103 c\u0103 18 civili au fost uci\u0219i \u00een ultima s\u0103pt\u0103m\u00e2n\u0103 din cauza confrunt\u0103rilor transfrontaliere. Aceste conflicte repetate au afectat comer\u021bul, for\u021b\u00e2nd aproximativ 115.000 de persoane s\u0103 \u00ee\u0219i p\u0103r\u0103seasc\u0103 locuin\u021bele, conform agen\u021biei ONU pentru refugia\u021bi.<\/p>\n<p>\u00cen acest context, Programul Alimentar Mondial (PAM) a anun\u021bat duminic\u0103 c\u0103 a \u00eenceput s\u0103 distribuie \u201ealimente care salveaz\u0103 vie\u021bi\u201d pentru peste 20.000 de familii afgane str\u0103mutate, avertiz\u00e2nd c\u0103 \u201eo instabilitate suplimentar\u0103 va \u00eempinge milioane de oameni \u00een foamete\u201d. Luni diminea\u021b\u0103, pu\u021bin peste 100 de persoane care au fost nevoite s\u0103 \u00ee\u0219i p\u0103r\u0103seasc\u0103 locuin\u021bele s-au adunat la un punct de distribu\u021bie al PAM din provincia Paktia, la grani\u021ba estic\u0103 a Afganistanului, pentru a primi biscui\u021bi fortifica\u021bi, conform unui fotograf AFP.<\/p>\n","protected":false},"excerpt":{"rendered":"<p>\u00centre orele 21:00 \u0219i 21:15 (16:30 &#8211; 16:45 GMT), mai multe explozii au zguduit capitala afgan\u0103, Kabul, gener\u00e2nd panic\u0103 \u00een r\u00e2ndul locuitorilor. Nori de fum erau vizibili din zonele Shahr-e-Naw \u0219i Wazir Akbar Khan, conform unei relat\u0103ri a AFP. Aceste explozii, survenind cu c\u00e2teva zile \u00eenainte de finalul lunii sfinte a Ramadanului, au determinat familiile [&hellip;]<\/p>\n","protected":false},"author":2,"featured_media":8923,"comment_status":"open","ping_status":"open","sticky":false,"template":"","format":"standard","meta":{"jnews-multi-image_gallery":[],"jnews_single_post":[],"jnews_primary_category":[],"jnews_override_counter":[],"footnotes":""},"categories":[39],"tags":[11733,1084,3442,11731,8970,6668,10389,11732],"class_list":["post-8922","post","type-post","status-publish","format-standard","has-post-thumbnail","hentry","category-stirile-zilei","tag-armata-pakistaneza","tag-atacuri","tag-explozii","tag-kabul","tag-panica","tag-ramadan","tag-refugiu","tag-taliban"],"_links":{"self":[{"href":"https:\/\/www.newsrecorder.ro\/app\/wp-json\/wp\/v2\/posts\/8922","targetHints":{"allow":["GET"]}}],"collection":[{"href":"https:\/\/www.newsrecorder.ro\/app\/wp-json\/wp\/v2\/posts"}],"about":[{"href":"https:\/\/www.newsrecorder.ro\/app\/wp-json\/wp\/v2\/types\/post"}],"author":[{"embeddable":true,"href":"https:\/\/www.newsrecorder.ro\/app\/wp-json\/wp\/v2\/users\/2"}],"replies":[{"embeddable":true,"href":"https:\/\/www.newsrecorder.ro\/app\/wp-json\/wp\/v2\/comments?post=8922"}],"version-history":[{"count":0,"href":"https:\/\/www.newsrecorder.ro\/app\/wp-json\/wp\/v2\/posts\/8922\/revisions"}],"wp:featuredmedia":[{"embeddable":true,"href":"https:\/\/www.newsrecorder.ro\/app\/wp-json\/wp\/v2\/media\/8923"}],"wp:attachment":[{"href":"https:\/\/www.newsrecorder.ro\/app\/wp-json\/wp\/v2\/media?parent=8922"}],"wp:term":[{"taxonomy":"category","embeddable":true,"href":"https:\/\/www.newsrecorder.ro\/app\/wp-json\/wp\/v2\/categories?post=8922"},{"taxonomy":"post_tag","embeddable":true,"href":"https:\/\/www.newsrecorder.ro\/app\/wp-json\/wp\/v2\/tags?post=8922"}],"curies":[{"name":"wp","href":"https:\/\/api.w.org\/{rel}","templated":true}]}}