{"id":8926,"date":"2026-03-16T20:40:27","date_gmt":"2026-03-16T20:40:27","guid":{"rendered":"https:\/\/www.newsrecorder.ro\/app\/2026\/03\/16\/razboiul-din-orient-ministri-germani-ataca-trump-avertisment-din-sua\/"},"modified":"2026-03-16T20:40:27","modified_gmt":"2026-03-16T20:40:27","slug":"razboiul-din-orient-ministri-germani-ataca-trump-avertisment-din-sua","status":"publish","type":"post","link":"https:\/\/www.newsrecorder.ro\/app\/2026\/03\/16\/razboiul-din-orient-ministri-germani-ataca-trump-avertisment-din-sua\/","title":{"rendered":"R\u0103zboiul din Orient: Mini\u0219tri germani atac\u0103 Trump, avertisment din SUA!"},"content":{"rendered":"<p><strong>Cancelarul german Friedrich Merz a declarat clar c\u0103 Germania nu va fi implicat\u0103 \u00een conflictul din Iran, \u00een ciuda apelurilor venite din partea pre\u0219edintelui american Donald Trump.<\/strong><\/p>\n<p>\u201eNu avem mandat din partea Na\u021biunilor Unite, a Uniunii Europene sau a NATO, conform cerin\u021belor Legii fundamentale\u201d, a subliniat Merz \u00een fa\u021ba jurnali\u0219tilor. El a ad\u0103ugat c\u0103 este evident c\u0103 acest r\u0103zboi nu este o problem\u0103 ce \u021bine de NATO.<\/p>\n<p>\u00cen prealabil, Donald Trump a exprimat speran\u021ba c\u0103 Marea Britanie \u0219i alte na\u021biuni vor trimite nave de r\u0103zboi pentru a ajuta la deschiderea Str\u00e2mtorii Ormuz, avertiz\u00e2nd c\u0103 lipsa unui r\u0103spuns adecvat ar putea avea consecin\u021be grave asupra viitorului NATO.<\/p>\n<p>\u201eNici Statele Unite ale Americii \u0219i nici Israelul nu ne-au consultat \u00eenainte de acest conflict\u201d, a completat Merz. \u201e\u00cen ceea ce prive\u0219te Iranul, nu a existat niciodat\u0103 o decizie comun\u0103 privind implicarea militar\u0103 a Germaniei \u00een acest context\u201d, a ad\u0103ugat el.<\/p>\n<p><strong><a style=\"color: #ff0000\" href=\"https:\/\/www.mediafax.ro\/politic\/reactia-romaniei-la-amenintarea-iranului-mae-romania-nu-este-parte-a-conflictului-23704044\" target=\"_blank\" rel=\"noopener\">Ministerul Afacerilor Externe al Rom\u00e2niei<\/a><\/strong> a declarat c\u0103 \u021bara nu este parte a conflictului, ca r\u0103spuns la amenin\u021b\u0103rile din partea Iranului, care a afirmat c\u0103 folosirea bazelor militare rom\u00e2ne\u0219ti de c\u0103tre SUA ar reprezenta o agresiune \u00eempotriva sa.<\/p>\n<p>Reac\u021bia MAE vine dup\u0103 declara\u021biile purt\u0103torului de cuv\u00e2nt al Ministerului iranian de Externe, Esmaeil Baghaei, care a subliniat c\u0103 Rom\u00e2nia ar participa la o agresiune militar\u0103 dac\u0103 \u00ee\u0219i va permite \u00een mod activ bazele militare pentru SUA.<\/p>\n<p>Premierul spaniol, <strong><a style=\"color: #ff0000\" href=\"https:\/\/www.mediafax.ro\/externe\/premierul-spaniei-afirma-ca-razboiul-lui-trump-impotriva-iranului-submineaza-ordinea-internationala-23704068\">Pedro S\u00e1nchez<\/a><\/strong>, a criticat, de asemenea, ac\u021biunile lui Trump, afirm\u00e2nd c\u0103 r\u0103zboiul \u00eempotriva Iranului submineaz\u0103 ordinea interna\u021bional\u0103 \u0219i este un conflict unilateral, f\u0103r\u0103 consultarea alia\u021bilor.<\/p>\n<p>\u00cen Iran, Ayatollahul Khamenei l-a numit pe Generalul Mohsen Rezaei consilier militar al Comandamentului Suprem al For\u021belor Armate, acesta av\u00e2nd o experien\u021b\u0103 anterioar\u0103 ca lider al G\u0103rzilor Islamice Revolu\u021bionare.<\/p>\n<p>Trump a declarat c\u0103 r\u0103zboiul din Iran se va \u00eencheia \u00een cur\u00e2nd, dar a acuzat Iranul c\u0103 nu este preg\u0103tit pentru un acord. El a subliniat c\u0103 pre\u021bul conflictului este \u201eneglijabil\u201d.<\/p>\n<p>Agen\u021bia iranian\u0103 Tasnim a detaliat condi\u021biile preliminare pentru deschiderea Str\u00e2mtorii Ormuz, inclusiv ridicarea sanc\u021biunilor, retragerea bazelor americane \u0219i facilitarea comer\u021bului \u00een alte valute dec\u00e2t dolarul.<\/p>\n<p>La Ierusalim, jurnali\u0219tii AFP au raportat o explozie puternic\u0103 \u00een urma lans\u0103rii de rachete c\u0103tre ora\u0219, ac\u021biune care a fost considerat\u0103 o represalie din partea Teheranului pentru atacurile israeliene asupra ora\u0219elor iraniene.<\/p>\n<p>Emiratele Arabe Unite au interceptat recent 6 rachete balistice \u0219i 21 de drone, totaliz\u00e2nd 304 rachete balistice interceptate de la \u00eenceputul atacurilor iraniene.<\/p>\n<p>Un raport din Doha a men\u021bionat mai multe explozii, cu Ministerul Ap\u0103r\u0103rii din Qatar anun\u021b\u00e2nd interceptarea unui atac cu rachete, \u00een timp ce Iranul desf\u0103\u0219ura represalii \u00eempotriva statelor din Golf.<\/p>\n<p>Trump a anun\u021bat o conferin\u021b\u0103 de pres\u0103, \u00een care nu a oferit detalii suplimentare, dar a precizat c\u0103 va discuta \u00eenainte de reuniunea comitetului executiv al Kennedy Center.<\/p>\n<p>Ministrul de Externe al Danemarcei a solicitat ca Europa s\u0103 fie preg\u0103tit\u0103 s\u0103 intervin\u0103 \u00een Str\u00e2mtoarea Ormuz, chiar dac\u0103 continentul nu sprijin\u0103 r\u0103zboiul \u00eempotriva Iranului.<\/p>\n<p>Iranul a acuzat Ucraina de implicare \u00een conflict, men\u021bion\u00e2nd c\u0103 trimiterea de consilieri militari de c\u0103tre Kiev \u00een Orientul Mijlociu ar putea face din Ucraina complice la agresiunea Statelor Unite \u0219i Israelului.<\/p>\n<p>Qatarul a emis o alert\u0103 de nivel ridicat de amenin\u021bare la adresa securit\u0103\u021bii na\u021bionale, \u00eendemn\u00e2nd locuitorii s\u0103 r\u0103m\u00e2n\u0103 \u00een locuri sigure.<\/p>\n<p>Un raport a eviden\u021biat c\u0103 serviciile de informa\u021bii americane i-au prezentat lui Trump detalii despre via\u021ba personal\u0103 a lui Mojtaba Khamenei, suger\u00e2nd posibile implica\u021bii despre orientarea sexual\u0103 a acestuia, ceea ce ar putea avea consecin\u021be grave \u00een contextul legisla\u021biei iraniene.<\/p>\n<p>Produc\u021bia de petrol a Emiratelor Arabe Unite a sc\u0103zut drastic din cauza blocajelor din Str\u00e2mtorile Ormuz, iar Iranul a reafirmat c\u0103 nu va deschide str\u00e2mtoarea pentru nicio \u021bar\u0103 care inten\u021bioneaz\u0103 s\u0103 atace.<\/p>\n<p>Conflictul din Orientul Mijlociu este a\u0219teptat s\u0103 se prelungeasc\u0103 p\u00e2n\u0103 \u00een septembrie, \u00een timp ce Uniunea European\u0103 a anun\u021bat un ajutor umanitar de 525 de milioane de dolari pentru a sprijini regiunea afectat\u0103 de r\u0103zboi.<\/p>\n<p>Iranul a transmis un avertisment direct c\u0103tre Rom\u00e2nia, afirm\u00e2nd c\u0103 utilizarea bazelor sale militare de c\u0103tre SUA ar fi considerat\u0103 o agresiune militar\u0103. Germania \u0219i Grecia s-au aliniat, exclud\u00e2nd orice implicare militar\u0103 \u00een opera\u021biunile din Str\u00e2mtorile Ormuz, reafirm\u00e2nd c\u0103 acest conflict nu este \u00een interesul lor.<\/p>\n<p>Premierul britanic Starmer a declarat c\u0103 Regatul Unit nu se va implica \u00eentr-un r\u0103zboi mai amplu, prioritiz\u00e2nd protec\u021bia cet\u0103\u021benilor s\u0103i \u0219i c\u0103uta solu\u021bii diplomatice pentru restabilirea stabilit\u0103\u021bii \u00een regiune.<\/p>\n<p>Doi mini\u0219tri germani au criticat vehement pozi\u021bia lui Trump, afirm\u00e2nd c\u0103 Germania nu va participa la securizarea Str\u00e2mtorii Ormuz \u0219i c\u0103 este esen\u021bial s\u0103 se ajung\u0103 la o solu\u021bie negociat\u0103 pentru a asigura securitatea \u00een zon\u0103.<\/p>\n<p>Presa interna\u021bional\u0103 a raportat c\u0103 r\u0103zboiul din Orientul Mijlociu provoac\u0103 un nou \u0219oc energetic pentru Europa, o situa\u021bie deja fragil\u0103 din punct de vedere economic. Israelul a confirmat c\u0103 a \u00eenceput o ofensiv\u0103 terestr\u0103 limitat\u0103 \u00eempotriva Hezbollah \u0219i a lansat atacuri extinse asupra infrastructurii iraniene.<\/p>\n<p>\u00cen concluzie, situa\u021bia din Orientul Mijlociu r\u0103m\u00e2ne extrem de tensionat\u0103, cu implica\u021bii globale semnificative, pe fondul escalad\u0103rii conflictului \u0219i al reac\u021biilor interna\u021bionale la provoc\u0103rile generate de Iran.<\/p>\n","protected":false},"excerpt":{"rendered":"<p>Cancelarul german Friedrich Merz a declarat clar c\u0103 Germania nu va fi implicat\u0103 \u00een conflictul din Iran, \u00een ciuda apelurilor venite din partea pre\u0219edintelui american Donald Trump. \u201eNu avem mandat din partea Na\u021biunilor Unite, a Uniunii Europene sau a NATO, conform cerin\u021belor Legii fundamentale\u201d, a subliniat Merz \u00een fa\u021ba jurnali\u0219tilor. El a ad\u0103ugat c\u0103 este [&hellip;]<\/p>\n","protected":false},"author":2,"featured_media":8927,"comment_status":"open","ping_status":"open","sticky":false,"template":"","format":"standard","meta":{"jnews-multi-image_gallery":[],"jnews_single_post":[],"jnews_primary_category":[],"jnews_override_counter":[],"footnotes":""},"categories":[39],"tags":[8865,31,6965,676,11562,352,8772,321],"class_list":["post-8926","post","type-post","status-publish","format-standard","has-post-thumbnail","hentry","category-stirile-zilei","tag-conflict-iran","tag-jnews_demo_donald-trump","tag-fridrich-merz","tag-germania","tag-implicare-militara","tag-nato","tag-stramtoarea-ormuz","tag-uniunea-europeana"],"_links":{"self":[{"href":"https:\/\/www.newsrecorder.ro\/app\/wp-json\/wp\/v2\/posts\/8926","targetHints":{"allow":["GET"]}}],"collection":[{"href":"https:\/\/www.newsrecorder.ro\/app\/wp-json\/wp\/v2\/posts"}],"about":[{"href":"https:\/\/www.newsrecorder.ro\/app\/wp-json\/wp\/v2\/types\/post"}],"author":[{"embeddable":true,"href":"https:\/\/www.newsrecorder.ro\/app\/wp-json\/wp\/v2\/users\/2"}],"replies":[{"embeddable":true,"href":"https:\/\/www.newsrecorder.ro\/app\/wp-json\/wp\/v2\/comments?post=8926"}],"version-history":[{"count":0,"href":"https:\/\/www.newsrecorder.ro\/app\/wp-json\/wp\/v2\/posts\/8926\/revisions"}],"wp:featuredmedia":[{"embeddable":true,"href":"https:\/\/www.newsrecorder.ro\/app\/wp-json\/wp\/v2\/media\/8927"}],"wp:attachment":[{"href":"https:\/\/www.newsrecorder.ro\/app\/wp-json\/wp\/v2\/media?parent=8926"}],"wp:term":[{"taxonomy":"category","embeddable":true,"href":"https:\/\/www.newsrecorder.ro\/app\/wp-json\/wp\/v2\/categories?post=8926"},{"taxonomy":"post_tag","embeddable":true,"href":"https:\/\/www.newsrecorder.ro\/app\/wp-json\/wp\/v2\/tags?post=8926"}],"curies":[{"name":"wp","href":"https:\/\/api.w.org\/{rel}","templated":true}]}}