{"id":8928,"date":"2026-03-16T20:40:54","date_gmt":"2026-03-16T20:40:54","guid":{"rendered":"https:\/\/www.newsrecorder.ro\/app\/2026\/03\/16\/buzoianu-84-din-bugetul-ministerului-mediului-2026-destinat-investitiilor\/"},"modified":"2026-03-16T20:40:54","modified_gmt":"2026-03-16T20:40:54","slug":"buzoianu-84-din-bugetul-ministerului-mediului-2026-destinat-investitiilor","status":"publish","type":"post","link":"https:\/\/www.newsrecorder.ro\/app\/2026\/03\/16\/buzoianu-84-din-bugetul-ministerului-mediului-2026-destinat-investitiilor\/","title":{"rendered":"Buzoianu: 84% din bugetul Ministerului Mediului 2026, destinat investi\u021biilor!"},"content":{"rendered":"<p>Diana Buzoianu a subliniat c\u0103 sub 10% din bugetul Ministerului Mediului va fi alocat pentru cheltuieli de personal \u0219i func\u021bionare. Aceasta a eviden\u021biat c\u0103 o parte semnificativ\u0103 a fondurilor va fi direc\u021bionat\u0103 c\u0103tre ini\u021biative ecologice.<\/p>\n<p>\u201eVor fi finan\u021bate sute de proiecte care vizeaz\u0103 centre de colectare cu aport voluntar, insule ecologice digitalizate \u0219i fabrici de reciclare. De asemenea, se vor continua investi\u021biile majore \u00een infrastructura de ap\u0103, incluz\u00e2nd lucr\u0103ri la acumul\u0103rile Cuceu, Rovinari, Surduc \u2013 Timi\u0219 \u0219i Frumoasa. Toate aceste ac\u021biuni vor beneficia de o gestionare eficient\u0103 a cheltuielilor de func\u021bionare, care se men\u021bin la un nivel sc\u0103zut \u00een raport cu totalul bugetului\u201d, a declarat Buzoianu.<\/p>\n<p>Pentru anul 2026, Ministerul Mediului dispune de un buget total de 4,66 miliarde lei \u00een credite de angajament \u0219i 5,95 miliarde lei \u00een credite bugetare.<\/p>\n<p>Din aceste sume, 83,73% din creditele bugetare \u0219i 79,24% din totalul creditelor de angajament sunt dedicate implement\u0103rii proiectelor finan\u021bate prin PNRR, proiectelor cu finan\u021bare extern\u0103 nerambursabil\u0103, precum \u0219i altor investi\u021bii \u0219i activit\u0103\u021bi conexe.<\/p>\n<p>\u00cen ceea ce prive\u0219te salariile, bunurile \u0219i serviciile, al\u0103turi de cheltuielile de capital, doar 9,56% din totalul creditelor bugetare sunt alocate acestor categorii.<\/p>\n<p>Ministerul Mediului a alocat suma de 1,3 miliarde lei pentru infrastructura de ap\u0103, prevenirea inunda\u021biilor \u0219i gestionarea resurselor de ap\u0103, incluz\u00e2nd lucr\u0103ri de ap\u0103rare, hidrologie \u0219i m\u0103suri pentru reducerea riscurilor naturale.<\/p>\n<p>\u00cen plus, 274 milioane lei sunt destinate dezvolt\u0103rii durabile a silviculturii, prin compensa\u021bii pentru proprietarii de p\u0103duri, desp\u0103gubiri pentru pagubele cauzate de fauna s\u0103lbatic\u0103, precum \u0219i investi\u021bii \u00een \u00eemp\u0103duriri, drumuri forestiere \u0219i lucr\u0103ri de corectare a toren\u021bilor.<\/p>\n<p>Nu \u00een ultimul r\u00e2nd, Ministerul Mediului a prev\u0103zut o sum\u0103 de 659 milioane lei pentru protec\u021bia mediului, inclusiv modernizarea re\u021belei de monitorizare a calit\u0103\u021bii aerului \u0219i implementarea proiectelor finan\u021bate din fonduri europene.<\/p>\n","protected":false},"excerpt":{"rendered":"<p>Diana Buzoianu a subliniat c\u0103 sub 10% din bugetul Ministerului Mediului va fi alocat pentru cheltuieli de personal \u0219i func\u021bionare. Aceasta a eviden\u021biat c\u0103 o parte semnificativ\u0103 a fondurilor va fi direc\u021bionat\u0103 c\u0103tre ini\u021biative ecologice. \u201eVor fi finan\u021bate sute de proiecte care vizeaz\u0103 centre de colectare cu aport voluntar, insule ecologice digitalizate \u0219i fabrici de [&hellip;]<\/p>\n","protected":false},"author":2,"featured_media":8929,"comment_status":"open","ping_status":"open","sticky":false,"template":"","format":"standard","meta":{"jnews-multi-image_gallery":[],"jnews_single_post":[],"jnews_primary_category":[],"jnews_override_counter":[],"footnotes":""},"categories":[39],"tags":[11740,11746,11741,11745,4365,11744,11742,11743],"class_list":["post-8928","post","type-post","status-publish","format-standard","has-post-thumbnail","hentry","category-stirile-zilei","tag-buget-ministerul-mediului","tag-buget-total","tag-cheltuieli-personale","tag-credite-bugetare","tag-gestionare-eficienta","tag-infrastructura-apa","tag-initiative-ecologice","tag-proiecte-de-reciclare"],"_links":{"self":[{"href":"https:\/\/www.newsrecorder.ro\/app\/wp-json\/wp\/v2\/posts\/8928","targetHints":{"allow":["GET"]}}],"collection":[{"href":"https:\/\/www.newsrecorder.ro\/app\/wp-json\/wp\/v2\/posts"}],"about":[{"href":"https:\/\/www.newsrecorder.ro\/app\/wp-json\/wp\/v2\/types\/post"}],"author":[{"embeddable":true,"href":"https:\/\/www.newsrecorder.ro\/app\/wp-json\/wp\/v2\/users\/2"}],"replies":[{"embeddable":true,"href":"https:\/\/www.newsrecorder.ro\/app\/wp-json\/wp\/v2\/comments?post=8928"}],"version-history":[{"count":0,"href":"https:\/\/www.newsrecorder.ro\/app\/wp-json\/wp\/v2\/posts\/8928\/revisions"}],"wp:featuredmedia":[{"embeddable":true,"href":"https:\/\/www.newsrecorder.ro\/app\/wp-json\/wp\/v2\/media\/8929"}],"wp:attachment":[{"href":"https:\/\/www.newsrecorder.ro\/app\/wp-json\/wp\/v2\/media?parent=8928"}],"wp:term":[{"taxonomy":"category","embeddable":true,"href":"https:\/\/www.newsrecorder.ro\/app\/wp-json\/wp\/v2\/categories?post=8928"},{"taxonomy":"post_tag","embeddable":true,"href":"https:\/\/www.newsrecorder.ro\/app\/wp-json\/wp\/v2\/tags?post=8928"}],"curies":[{"name":"wp","href":"https:\/\/api.w.org\/{rel}","templated":true}]}}