{"id":8930,"date":"2026-03-17T01:01:33","date_gmt":"2026-03-17T01:01:33","guid":{"rendered":"https:\/\/www.newsrecorder.ro\/app\/2026\/03\/17\/lavinia-barlogeanu-vise-moarte-si-lumina-dincolo-de-fereastra\/"},"modified":"2026-03-17T01:01:33","modified_gmt":"2026-03-17T01:01:33","slug":"lavinia-barlogeanu-vise-moarte-si-lumina-dincolo-de-fereastra","status":"publish","type":"post","link":"https:\/\/www.newsrecorder.ro\/app\/2026\/03\/17\/lavinia-barlogeanu-vise-moarte-si-lumina-dincolo-de-fereastra\/","title":{"rendered":"\u201eLavinia B\u00e2rlogeanu: Vise, moarte \u0219i lumina dincolo de fereastr\u0103\u201d"},"content":{"rendered":"<p>Reflec\u021bia asupra rela\u021biei dintre om \u0219i moartea sa este o tem\u0103 profund\u0103 \u0219i fascinant\u0103, explorat\u0103 de Mircea Eliade prin conceptul s\u0103u de \u201eMarea Trecere\u201d. Aceast\u0103 no\u021biune ne \u00eendeamn\u0103 s\u0103 ne g\u00e2ndim la cum ne raport\u0103m la propria noastr\u0103 trecere \u0219i la \u00eentreb\u0103rile care ne fr\u0103m\u00e2nt\u0103: de ce vis\u0103m persoane dragi care au decedat \u0219i cine suntem \u00een raport cu existen\u021ba noastr\u0103 dincolo de via\u021b\u0103?<\/p>\n<p>\u00cen cadrul podcastului \u201eAltceva\u201d, prezentat de Adrian Artene, aceste \u00eentreb\u0103ri universale sunt abordate cu o profunzime care merit\u0103 toat\u0103 aten\u021bia. Discu\u021bia din aceast\u0103 s\u0103pt\u0103m\u00e2n\u0103 este cu at\u00e2t mai captivant\u0103 cu c\u00e2t Lavinia B\u00e2rlogeanu, psihoterapeut de renume, \u00eemp\u0103rt\u0103\u0219e\u0219te perspective unice asupra mortii \u0219i a conexiunilor emo\u021bionale pe care le avem cu cei care nu mai sunt.<\/p>\n<p>\u201eEram o lum\u00e2nare\u201d<\/p>\n<p>C\u00e2nd a fost \u00eentrebat\u0103 despre manifest\u0103rile apropiate de moarte \u00een r\u00e2ndul pacien\u021bilor, Lavinia B\u00e2rlogeanu a descris aceste momente ca fiind surprinz\u0103tor de lini\u0219tite, pline de calm.<\/p>\n<p>\u201eFoarte calm, foarte calm\u201d, a relatat ea, aduc\u00e2nd \u00een discu\u021bie un caz impresionant al unui psihanalist care a vizitat o pacient\u0103 \u00een ultimele sale zile. Aceasta i-a povestit despre un vis premonitoriu chiar \u00een ziua \u00een care a murit:<\/p>\n<p>\u201eImaginea din vis era foarte senin\u0103. Spunea c\u0103 era o lum\u00e2nare pe pervazul ferestrei \u0219i vedea lum\u00e2narea din interiorul salonului. La un moment dat, a observat c\u0103 lum\u00e2narea trece prin fereastr\u0103 \u0219i \u00ee\u0219i men\u021bine lumina\u201d, a explicat psihoterapeuta, subliniind puterea simbolic\u0103 a acestei viziuni.<\/p>\n<p>\u201eM\u0103rturii cutremur\u0103toare, sacre\u201d<\/p>\n<p>Lavinia a descris aceste relat\u0103ri ca fiind \u201em\u0103rturii frumoase, cutremur\u0103toare, sacre\u201d, eviden\u021biind privilegiul de a fi terapeut \u0219i de a \u00eenso\u021bi oamenii \u00een aceste momente delicate.<\/p>\n<p>\u201eEste un dar frumos s\u0103 fii martor la for\u021ba spiritului care ne conecteaz\u0103 \u0219i ne aduce la locul nostru\u201d, a declarat ea, subliniind c\u0103 experien\u021bele directe din aceste momente sunt mult mai valoroase dec\u00e2t explica\u021biile teoretice.<\/p>\n<p>\u201eM\u0103rturia vie este ceva inimaginabil. E mai mult dec\u00e2t orice carte sau predic\u0103 la o slujb\u0103 de \u00eenmorm\u00e2ntare\u201d, a ad\u0103ugat ea, eviden\u021biind intensitatea acestor tr\u0103iri.<\/p>\n<p>Despre semnifica\u021bia viselor cu persoane decedate<\/p>\n<p>\u00cen continuarea discu\u021biei, Adrian Artene a \u00eentrebat despre leg\u0103tura dintre vise \u0219i frica de moarte, dar \u0219i despre alte explica\u021bii, cum ar fi dorul sau nevoia de a procesa o pierdere.<\/p>\n<p>Lavinia B\u00e2rlogeanu a subliniat complexitatea interpret\u0103rii viselor, afirm\u00e2nd c\u0103 acestea reflect\u0103 un psihic uman care dep\u0103\u0219e\u0219te con\u0219tiin\u021ba imediat\u0103. \u201eExist\u0103 oameni care \u0219i-au dedicat \u00eentreaga via\u021b\u0103 studiului viselor \u0219i ne-au ar\u0103tat c\u0103 suntem mult mai mult dec\u00e2t mintea noastr\u0103 con\u0219tient\u0103. Visele ne demonstreaz\u0103 acest lucru \u00een fiecare clip\u0103\u201d, a explicat ea.<\/p>\n<p>\u201eUn vis nu are niciodat\u0103 o singur\u0103 semnifica\u021bie\u201d<\/p>\n<p>Psihoterapeuta a continuat s\u0103 explice c\u0103 un vis nu poate fi redus la o simpl\u0103 interpretare.<\/p>\n<p>\u201eNu ne spune doar un singur lucru. Trebuie s\u0103-l analiz\u0103m pe mai multe planuri, corel\u00e2ndu-l cu via\u021ba curent\u0103 a celui care a visat\u201d, a spus Lavinia, subliniind importan\u021ba contextului.<\/p>\n<p>De asemenea, ea a ad\u0103ugat c\u0103 momentul \u00een care apare visul este crucial pentru interpretarea acestuia. \u201eFaptul c\u0103 cineva a visat azi-noapte are o relevan\u021b\u0103 deosebit\u0103. Este important ca visul s\u0103 fi avut loc acum \u0219i nu acum cinci ani sau peste un timp nedefinit\u201d, a concluzionat psihoterapeuta.<\/p>\n","protected":false},"excerpt":{"rendered":"<p>Reflec\u021bia asupra rela\u021biei dintre om \u0219i moartea sa este o tem\u0103 profund\u0103 \u0219i fascinant\u0103, explorat\u0103 de Mircea Eliade prin conceptul s\u0103u de \u201eMarea Trecere\u201d. Aceast\u0103 no\u021biune ne \u00eendeamn\u0103 s\u0103 ne g\u00e2ndim la cum ne raport\u0103m la propria noastr\u0103 trecere \u0219i la \u00eentreb\u0103rile care ne fr\u0103m\u00e2nt\u0103: de ce vis\u0103m persoane dragi care au decedat \u0219i cine [&hellip;]<\/p>\n","protected":false},"author":7,"featured_media":8931,"comment_status":"open","ping_status":"open","sticky":false,"template":"","format":"standard","meta":{"jnews-multi-image_gallery":[],"jnews_single_post":[],"jnews_primary_category":[],"jnews_override_counter":[],"footnotes":""},"categories":[43],"tags":[11601,11749,11750,11602,11747,11748,1824,11600],"class_list":["post-8930","post","type-post","status-publish","format-standard","has-post-thumbnail","hentry","category-cultura","tag-adrian-artene","tag-altceva","tag-conexiuni-emotionale","tag-lavinia-barlogeanu","tag-marea-trecere","tag-mircea-eliade","tag-moarte","tag-psihoterapie"],"_links":{"self":[{"href":"https:\/\/www.newsrecorder.ro\/app\/wp-json\/wp\/v2\/posts\/8930","targetHints":{"allow":["GET"]}}],"collection":[{"href":"https:\/\/www.newsrecorder.ro\/app\/wp-json\/wp\/v2\/posts"}],"about":[{"href":"https:\/\/www.newsrecorder.ro\/app\/wp-json\/wp\/v2\/types\/post"}],"author":[{"embeddable":true,"href":"https:\/\/www.newsrecorder.ro\/app\/wp-json\/wp\/v2\/users\/7"}],"replies":[{"embeddable":true,"href":"https:\/\/www.newsrecorder.ro\/app\/wp-json\/wp\/v2\/comments?post=8930"}],"version-history":[{"count":0,"href":"https:\/\/www.newsrecorder.ro\/app\/wp-json\/wp\/v2\/posts\/8930\/revisions"}],"wp:featuredmedia":[{"embeddable":true,"href":"https:\/\/www.newsrecorder.ro\/app\/wp-json\/wp\/v2\/media\/8931"}],"wp:attachment":[{"href":"https:\/\/www.newsrecorder.ro\/app\/wp-json\/wp\/v2\/media?parent=8930"}],"wp:term":[{"taxonomy":"category","embeddable":true,"href":"https:\/\/www.newsrecorder.ro\/app\/wp-json\/wp\/v2\/categories?post=8930"},{"taxonomy":"post_tag","embeddable":true,"href":"https:\/\/www.newsrecorder.ro\/app\/wp-json\/wp\/v2\/tags?post=8930"}],"curies":[{"name":"wp","href":"https:\/\/api.w.org\/{rel}","templated":true}]}}