{"id":8934,"date":"2026-03-17T01:02:35","date_gmt":"2026-03-17T01:02:35","guid":{"rendered":"https:\/\/www.newsrecorder.ro\/app\/2026\/03\/17\/melescanu-decizia-pripita-a-lui-nicusor-dan-despre-bazele-sua\/"},"modified":"2026-03-17T01:02:35","modified_gmt":"2026-03-17T01:02:35","slug":"melescanu-decizia-pripita-a-lui-nicusor-dan-despre-bazele-sua","status":"publish","type":"post","link":"https:\/\/www.newsrecorder.ro\/app\/2026\/03\/17\/melescanu-decizia-pripita-a-lui-nicusor-dan-despre-bazele-sua\/","title":{"rendered":"Mele\u0219canu: Decizia pripit\u0103 a lui Nicu\u0219or Dan despre bazele SUA!"},"content":{"rendered":"<p>Declara\u021biile fostului ministru de Externe, Teodor Mele\u0219canu, au fost f\u0103cute \u00eentr-un interviu exclusiv pentru <a href=\"https:\/\/www.gandul.ro\/politica\/fost-ministru-de-externe-si-fost-sef-sie-teodor-melescanu-avertizeaza-decizia-presedintelui-n-dan-a-fost-pripita-si-lipsita-de-discernamant-punand-in-pericol-vietile-romanilor-m-20831654\" target=\"_blank\" rel=\"noopener\">G\u00e2ndul<\/a>, \u00een contextul amenin\u021b\u0103rilor venite din partea Iranului c\u0103tre Rom\u00e2nia.<\/p>\n<p>Mele\u0219canu a subliniat motivele pentru care \u021bara noastr\u0103 nu ar fi trebuit s\u0103 accepte dislocarea de for\u021be americane, men\u021bion\u00e2nd c\u0103 actualul conflict din Orientul Mijlociu nu este responsabilitatea statelor NATO. Potrivit fostului \u0219ef al Serviciului de Informa\u021bii Externe, actorii principali \u00een acest r\u0103zboi sunt Statele Unite, Israel \u0219i Iran.<\/p>\n<p>\u201eP\u0103rerea mea este c\u0103 r\u0103zboiul care se desf\u0103\u0219oar\u0103 acum \u00een Iran are ca beligeran\u021bi Iranul, Israel \u0219i SUA. Nu este un r\u0103zboi al NATO \u0219i consider c\u0103 este o mare gre\u0219eal\u0103 implicarea sub orice form\u0103 a Rom\u00e2niei \u00een acest conflict\u201d, a afirmat Mele\u0219canu.<\/p>\n<p>El a subliniat c\u0103 implicarea Rom\u00e2niei al\u0103turi de o putere nuclear\u0103 precum SUA o plaseaz\u0103 \u00eentr-o pozi\u021bie extrem de vulnerabil\u0103, expus\u0103 riscurilor de represalii. Fostul ministru a adus \u00een discu\u021bie atacurile iraniene asupra bazelor americane, care au dus la pierderi de vie\u021bi omene\u0219ti, sus\u021bin\u00e2nd c\u0103 Iranul nu va ezita s\u0103 reac\u021bioneze similar \u0219i \u00een cazul bazelor din Europa, inclusiv \u00een Rom\u00e2nia.<\/p>\n<p>\u201eAm v\u0103zut ce s-a \u00eent\u00e2mplat cu bazele militare americane din Orientul Mijlociu, ceea ce m\u0103 face s\u0103 cred c\u0103 Iranul va proceda la fel cu orice baz\u0103 militar\u0103 american\u0103, inclusiv cu cele aflate \u00een Europa\u201d, a explicat el.<\/p>\n<p>Mele\u0219canu a emis un avertisment serios, subliniind c\u0103, \u00een ciuda \u201eparteneriatului strategic\u201d dintre Rom\u00e2nia \u0219i SUA, alte na\u021biuni, precum Fran\u021ba, Spania sau Turcia, au optat s\u0103 nu se implice. El a men\u021bionat c\u0103 baza de la Kog\u0103lniceanu se afl\u0103 la doar 60 de kilometri de centrala nuclear\u0103 de la Cernavod\u0103, ceea ce ar putea avea consecin\u021be devastatoare pentru Rom\u00e2nia.<\/p>\n<p>\u201eNu \u00eent\u00e2mpl\u0103tor, Fran\u021ba, Spania \u0219i Turcia au declarat c\u0103 nu se implic\u0103, de\u0219i sunt membre NATO. Implicarea Rom\u00e2niei \u00een acest conflict poate fi dezastruoas\u0103 pentru noi, av\u00e2nd \u00een vedere c\u0103 baza de la Kog\u0103lniceanu se afl\u0103 la o distan\u021b\u0103 de aproximativ 60 de km de centrala atomic\u0103 de la Cernavod\u0103. O rachet\u0103 care love\u0219te baza de la Kog\u0103lniceanu ar putea afecta imprevizibil centrala, cu un impact devastator pe termen lung asupra \u00eentregii regiuni\u201d, a avertizat el.<\/p>\n<p>Teodor Mele\u0219canu a criticat, de asemenea, decizia pre\u0219edintelui Nicu\u0219or Dan de a aproba dislocarea trupelor \u0219i armamentului american, consider\u00e2nd-o \u201elipsit\u0103 de discern\u0103m\u00e2nt\u201d \u0219i c\u0103 nu s-au c\u00e2nt\u0103rit riscurile de securitate de o gravitate f\u0103r\u0103 precedent.<\/p>\n<p>\u201eConsider c\u0103 decizia pre\u0219edintelui Nicu\u0219or a fost pripit\u0103 \u0219i lipsit\u0103 de discern\u0103m\u00e2nt, pun\u00e2nd \u00een pericol vie\u021bile rom\u00e2nilor, care nici m\u0103car nu au fost consulta\u021bi\u201d, a concluzionat Mele\u0219canu.<\/p>\n<p>Dup\u0103 o \u0219edin\u021b\u0103 a CSAT \u00een care s-a discutat cererea SUA de dislocare a trupelor \u00een Rom\u00e2nia, Nicu\u0219or Dan a declarat c\u0103 aceast\u0103 decizie va face Rom\u00e2nia \u201eo \u021bar\u0103 \u0219i mai sigur\u0103\u201d \u0219i a \u00eendemnat cet\u0103\u021benii s\u0103 nu se \u00eengrijoreze.<\/p>\n<p>Pe 16 martie, Iranul a adresat amenin\u021b\u0103ri Rom\u00e2niei, \u00een urma deciziilor luate de conducerea \u021b\u0103rii. Aceste declara\u021bii ridic\u0103 semne de \u00eentrebare privind modul \u00een care Nicu\u0219or Dan a evaluat cererea Statelor Unite \u0219i dac\u0103 a avut \u00een vedere riscurile la care expune Rom\u00e2nia.<\/p>\n","protected":false},"excerpt":{"rendered":"<p>Declara\u021biile fostului ministru de Externe, Teodor Mele\u0219canu, au fost f\u0103cute \u00eentr-un interviu exclusiv pentru G\u00e2ndul, \u00een contextul amenin\u021b\u0103rilor venite din partea Iranului c\u0103tre Rom\u00e2nia. Mele\u0219canu a subliniat motivele pentru care \u021bara noastr\u0103 nu ar fi trebuit s\u0103 accepte dislocarea de for\u021be americane, men\u021bion\u00e2nd c\u0103 actualul conflict din Orientul Mijlociu nu este responsabilitatea statelor NATO. Potrivit [&hellip;]<\/p>\n","protected":false},"author":2,"featured_media":8935,"comment_status":"open","ping_status":"open","sticky":false,"template":"","format":"standard","meta":{"jnews-multi-image_gallery":[],"jnews_single_post":[],"jnews_primary_category":[],"jnews_override_counter":[],"footnotes":""},"categories":[42],"tags":[9129,4297,913,268,352,149,680,11754],"class_list":["post-8934","post","type-post","status-publish","format-standard","has-post-thumbnail","hentry","category-politica","tag-conflict-orientul-mijlociu","tag-forte-americane","tag-iran","tag-israel","tag-nato","tag-romania","tag-statele-unite","tag-teodor-melescanu"],"_links":{"self":[{"href":"https:\/\/www.newsrecorder.ro\/app\/wp-json\/wp\/v2\/posts\/8934","targetHints":{"allow":["GET"]}}],"collection":[{"href":"https:\/\/www.newsrecorder.ro\/app\/wp-json\/wp\/v2\/posts"}],"about":[{"href":"https:\/\/www.newsrecorder.ro\/app\/wp-json\/wp\/v2\/types\/post"}],"author":[{"embeddable":true,"href":"https:\/\/www.newsrecorder.ro\/app\/wp-json\/wp\/v2\/users\/2"}],"replies":[{"embeddable":true,"href":"https:\/\/www.newsrecorder.ro\/app\/wp-json\/wp\/v2\/comments?post=8934"}],"version-history":[{"count":0,"href":"https:\/\/www.newsrecorder.ro\/app\/wp-json\/wp\/v2\/posts\/8934\/revisions"}],"wp:featuredmedia":[{"embeddable":true,"href":"https:\/\/www.newsrecorder.ro\/app\/wp-json\/wp\/v2\/media\/8935"}],"wp:attachment":[{"href":"https:\/\/www.newsrecorder.ro\/app\/wp-json\/wp\/v2\/media?parent=8934"}],"wp:term":[{"taxonomy":"category","embeddable":true,"href":"https:\/\/www.newsrecorder.ro\/app\/wp-json\/wp\/v2\/categories?post=8934"},{"taxonomy":"post_tag","embeddable":true,"href":"https:\/\/www.newsrecorder.ro\/app\/wp-json\/wp\/v2\/tags?post=8934"}],"curies":[{"name":"wp","href":"https:\/\/api.w.org\/{rel}","templated":true}]}}