{"id":8940,"date":"2026-03-17T01:04:04","date_gmt":"2026-03-17T01:04:04","guid":{"rendered":"https:\/\/www.newsrecorder.ro\/app\/2026\/03\/17\/sanatatea-in-2026-rectificari-bugetare-asteptate-in-vara-toamna\/"},"modified":"2026-03-17T01:04:04","modified_gmt":"2026-03-17T01:04:04","slug":"sanatatea-in-2026-rectificari-bugetare-asteptate-in-vara-toamna","status":"publish","type":"post","link":"https:\/\/www.newsrecorder.ro\/app\/2026\/03\/17\/sanatatea-in-2026-rectificari-bugetare-asteptate-in-vara-toamna\/","title":{"rendered":"S\u0103n\u0103tatea \u00een 2026: Rectific\u0103ri bugetare a\u0219teptate \u00een var\u0103-toamn\u0103!"},"content":{"rendered":"<p>\u00centr-o declara\u021bie f\u0103cut\u0103 luni, ministrul S\u0103n\u0103t\u0103\u021bii, Alexandru Rogobete, a anticipat o rectificare bugetar\u0103 ce ar putea avea loc \u201eundeva \u00een var\u0103 \u2013 toamn\u0103\u201d, moment \u00een care se vor completa programele na\u021bionale de s\u0103n\u0103tate.<\/p>\n<p>Ministrul a subliniat c\u0103, \u00een prima parte a anului, bugetul ministerului va permite desf\u0103\u0219urarea programelor na\u021bionale de s\u0103n\u0103tate, ac\u021biunilor prioritare \u0219i investi\u021biilor planificate \u00een cadrul Planului Na\u021bional de Redresare \u0219i Rezilien\u021b\u0103.<\/p>\n<p>\u201eComparativ cu execu\u021bia bugetar\u0103 de anul trecut, bugetul actual este cu aproximativ 3,5 miliarde de lei mai mare. Totu\u0219i, este mai mic dec\u00e2t alocarea ini\u021bial\u0103 de anul trecut, dar aceast\u0103 diferen\u021b\u0103 se reg\u0103se\u0219te \u00een bugetul Planului Na\u021bional de Redresare \u0219i Rezilien\u021b\u0103. Ministerul S\u0103n\u0103t\u0103\u021bii a realizat p\u00e2n\u0103 \u00een prezent o execu\u021bie de 88% din acest plan\u201d, a afirmat Rogobete.<\/p>\n<p>Conform ministrului, toate m\u0103surile ini\u021biate anul trecut, pe care Ministerul S\u0103n\u0103t\u0103\u021bii inten\u021bioneaz\u0103 s\u0103 le continue \u00een acest an, vor fi activate \u00een prima parte a anului. Totu\u0219i, bugetul actual nu va fi suficient pentru a sus\u021bine aceste ini\u021biative p\u00e2n\u0103 la sf\u00e2r\u0219itul anului 2026.<\/p>\n<p>\u201eDin acest motiv, am afirmat c\u0103 va fi necesar\u0103 o rectificare pozitiv\u0103 la finele anului, pentru a completa aceste programe. Prin modul \u00een care construim programele \u0219i repartiz\u0103m fondurile, ne propunem s\u0103 demar\u0103m toate ini\u021biativele esen\u021biale, \u00een special cele axate pe schimbare \u0219i preven\u021bie, pe care le-am anun\u021bat \u0219i care sunt absolut necesare\u201d, a concluzionat ministrul S\u0103n\u0103t\u0103\u021bii. <\/p>\n","protected":false},"excerpt":{"rendered":"<p>\u00centr-o declara\u021bie f\u0103cut\u0103 luni, ministrul S\u0103n\u0103t\u0103\u021bii, Alexandru Rogobete, a anticipat o rectificare bugetar\u0103 ce ar putea avea loc \u201eundeva \u00een var\u0103 \u2013 toamn\u0103\u201d, moment \u00een care se vor completa programele na\u021bionale de s\u0103n\u0103tate. Ministrul a subliniat c\u0103, \u00een prima parte a anului, bugetul ministerului va permite desf\u0103\u0219urarea programelor na\u021bionale de s\u0103n\u0103tate, ac\u021biunilor prioritare \u0219i investi\u021biilor [&hellip;]<\/p>\n","protected":false},"author":2,"featured_media":8941,"comment_status":"open","ping_status":"open","sticky":false,"template":"","format":"standard","meta":{"jnews-multi-image_gallery":[],"jnews_single_post":[],"jnews_primary_category":[],"jnews_override_counter":[],"footnotes":""},"categories":[42],"tags":[1068,1302,420,2595,11757,11758,1697,551],"class_list":["post-8940","post","type-post","status-publish","format-standard","has-post-thumbnail","hentry","category-politica","tag-buget","tag-executie-bugetara","tag-investitii","tag-ministerul-sanatatii","tag-programe-nationale","tag-rectificare","tag-redresare","tag-sanatate"],"_links":{"self":[{"href":"https:\/\/www.newsrecorder.ro\/app\/wp-json\/wp\/v2\/posts\/8940","targetHints":{"allow":["GET"]}}],"collection":[{"href":"https:\/\/www.newsrecorder.ro\/app\/wp-json\/wp\/v2\/posts"}],"about":[{"href":"https:\/\/www.newsrecorder.ro\/app\/wp-json\/wp\/v2\/types\/post"}],"author":[{"embeddable":true,"href":"https:\/\/www.newsrecorder.ro\/app\/wp-json\/wp\/v2\/users\/2"}],"replies":[{"embeddable":true,"href":"https:\/\/www.newsrecorder.ro\/app\/wp-json\/wp\/v2\/comments?post=8940"}],"version-history":[{"count":0,"href":"https:\/\/www.newsrecorder.ro\/app\/wp-json\/wp\/v2\/posts\/8940\/revisions"}],"wp:featuredmedia":[{"embeddable":true,"href":"https:\/\/www.newsrecorder.ro\/app\/wp-json\/wp\/v2\/media\/8941"}],"wp:attachment":[{"href":"https:\/\/www.newsrecorder.ro\/app\/wp-json\/wp\/v2\/media?parent=8940"}],"wp:term":[{"taxonomy":"category","embeddable":true,"href":"https:\/\/www.newsrecorder.ro\/app\/wp-json\/wp\/v2\/categories?post=8940"},{"taxonomy":"post_tag","embeddable":true,"href":"https:\/\/www.newsrecorder.ro\/app\/wp-json\/wp\/v2\/tags?post=8940"}],"curies":[{"name":"wp","href":"https:\/\/api.w.org\/{rel}","templated":true}]}}