{"id":8942,"date":"2026-03-17T01:04:42","date_gmt":"2026-03-17T01:04:42","guid":{"rendered":"https:\/\/www.newsrecorder.ro\/app\/2026\/03\/17\/petrisor-peiu-aur-propune-un-buget-care-taie-cheltuielile-inutile\/"},"modified":"2026-03-17T01:04:42","modified_gmt":"2026-03-17T01:04:42","slug":"petrisor-peiu-aur-propune-un-buget-care-taie-cheltuielile-inutile","status":"publish","type":"post","link":"https:\/\/www.newsrecorder.ro\/app\/2026\/03\/17\/petrisor-peiu-aur-propune-un-buget-care-taie-cheltuielile-inutile\/","title":{"rendered":"Petri\u0219or Peiu: AUR propune un buget care taie cheltuielile inutile!"},"content":{"rendered":"<p>Senatorul AUR a declarat c\u0103 forma actual\u0103 a proiectului de buget propus de Guvernul Bolojan este respins\u0103, argument\u00e2nd c\u0103 aceasta nu reflect\u0103 realitatea economic\u0103 actual\u0103, care este profund afectat\u0103 de criza infla\u021biei. El a subliniat c\u0103 povara fiscal\u0103 este impus\u0103 exclusiv cet\u0103\u021benilor \u0219i afacerilor din Rom\u00e2nia.<\/p>\n<p>\u201eRespinge cu fermitate proiectul de lege al bugetului a\u0219a cum a fost transmis de guvern c\u0103tre Parlament, din dou\u0103 motive principale\u201d, a explicat senatorul.<\/p>\n<p>Primul motiv const\u0103 \u00een faptul c\u0103 bugetul nu ia \u00een considerare evolu\u021biile economice survenite dup\u0103 1 ianuarie 2026, \u00een special recesiunea major\u0103 \u00eenregistrat\u0103, cu o contrac\u021bie de 1,9% \u00een trimestrul al patrulea al anului precedent. De asemenea, senatorul a men\u021bionat criza infla\u021bionist\u0103 generat\u0103 de cre\u0219terea pre\u021burilor la resursele interna\u021bionale, cum ar fi petrolul, gazele naturale \u0219i \u00eengr\u0103\u0219\u0103mintele chimice.<\/p>\n<p>Al doilea motiv pentru respingerea proiectului de lege se refer\u0103 la faptul c\u0103 filosofia politic\u0103 din spatele propunerii de buget impune povara economic\u0103 exclusiv pe umerii popula\u021biei \u0219i ai companiilor, neglij\u00e2nd complet administra\u021bia public\u0103. \u201eStatul nu ar trebui s\u0103 fie exonerat de responsabilit\u0103\u021bile economice pe care tot el le-a creat\u201d, a ad\u0103ugat senatorul AUR.<\/p>\n<p>\u00cen opinia lui Petri\u0219or Peiu, propunerile actualei coali\u021bii de guvernare sunt paradoxale. \u201eGuvernul propune o sc\u0103dere real\u0103 a veniturilor din impozitul pe profit \u0219i din impozitul pe venit, ceea ce va duce la mic\u0219orarea veniturilor \u0219i profiturilor companiilor. Pe de alt\u0103 parte, se propune o cre\u0219tere a veniturilor din TVA, ceea ce este contradictoriu, deoarece ar presupune o cre\u0219tere a consumului\u201d, a mai afirmat acesta.<\/p>\n<p>Senatorul a subliniat c\u0103 bugetul alternativ propus de AUR \u00ee\u0219i propune s\u0103 echilibreze povara fiscal\u0103 \u00eentre cet\u0103\u021beni, \u00eentreprinderi \u0219i un aparat de stat supradimensionat.<\/p>\n<p>Printre m\u0103surile prezentate de senatorul AUR se num\u0103r\u0103 revenirea la cotele TVA dinainte de luna august 2025, scutirea de impozit pe locuin\u021ba de domiciliu, precum \u0219i interzicerea deductibilit\u0103\u021bii cheltuielilor multina\u021bionalelor pentru anumite servicii.<\/p>\n<p>\u201ePropunem reducerea cotei TVA standard de la 21% la 19% \u0219i a cotei TVA reduse de la 11% la 9%, ceea ce ar avea un impact bugetar de sc\u0103dere cu 13,7 miliarde de lei. De asemenea, scutirea de impozit pe locuin\u021ba de domiciliu, de maximum 150 de metri p\u0103tra\u021bi, ar duce la o pierdere a veniturilor bugetare de 9,8 miliarde de lei\u201d, a explicat Petri\u0219or Peiu.<\/p>\n<p>\u00cen schimb, senatorul a propus interzicerea deductibilit\u0103\u021bii cheltuielilor de consultan\u021b\u0103, management \u0219i drept de proprietate intelectual\u0103 pentru companiile afiliate, precum \u0219i plafonarea cheltuielilor cu dob\u00e2nzile la creditele \u00eentre grupuri, ceea ce ar putea genera un impact pozitiv asupra veniturilor de 3,2 miliarde de lei.<\/p>\n<p>Potrivit senatorului AUR, proiectul de buget alternativ include corectarea nedrept\u0103\u021bilor la care au fost supuse mamele \u0219i categoriile vulnerabile prin plata CASS. \u201ePropunem revenirea la scutirea de CASS pentru mame, veterani \u0219i v\u0103duve de r\u0103zboi, fo\u0219ti de\u021binu\u021bi politici \u0219i personal monahal, av\u00e2nd un impact negativ de 600 de milioane la venituri\u201d, a men\u021bionat el.<\/p>\n<p>Alte m\u0103suri sus\u021binute de AUR vizeaz\u0103 indexarea pensiilor \u0219i reducerea cheltuielilor publice ale statului. \u201eMai propunem indexarea pensiilor cu 5%, ceea ce ar avea un impact asupra cheltuielilor de 7,9 miliarde de lei. De asemenea, propunem reducerea cheltuielilor cu personalul cu 5%, ceea ce ar duce la o economisire de 8,4 miliarde de lei\u201d, a afirmat senatorul.<\/p>\n<p>Printre alte propuneri se num\u0103r\u0103 o reducere de 10% a cheltuielilor cu bunurile \u0219i serviciile, dar \u0219i a cheltuielilor pentru achizi\u021bia de echipamente, gener\u00e2nd o economisire de 11,5 miliarde de lei. \u00cen plus, se preconizeaz\u0103 o reducere a investi\u021biilor din surse na\u021bionale, cu un impact de 9,2 miliarde de lei.<\/p>\n<p>\u00cen concluzie, AUR propune o reducere a veniturilor statului cu 20,9 miliarde de lei \u0219i o reducere a cheltuielilor cu 21,2 miliarde de lei, ceea ce ar conduce la un deficit bugetar cu 200 de milioane de lei mai mic dec\u00e2t cel propus de guvern, ajung\u00e2nd la un deficit de 127,5 miliarde de lei, a declarat senatorul Petri\u0219or Peiu.<\/p>\n<p>Liderul AUR a subliniat c\u0103 filosofia politic\u0103 din spatele propunerii de buget alternativ este de a nu pune \u00eentreaga povar\u0103 pe cet\u0103\u021beni \u0219i firme, ci de a obliga statul s\u0103 \u00ee\u0219i ajusteze dimensiunea \u0219i s\u0103 devin\u0103 mai eficient.<\/p>\n","protected":false},"excerpt":{"rendered":"<p>Senatorul AUR a declarat c\u0103 forma actual\u0103 a proiectului de buget propus de Guvernul Bolojan este respins\u0103, argument\u00e2nd c\u0103 aceasta nu reflect\u0103 realitatea economic\u0103 actual\u0103, care este profund afectat\u0103 de criza infla\u021biei. El a subliniat c\u0103 povara fiscal\u0103 este impus\u0103 exclusiv cet\u0103\u021benilor \u0219i afacerilor din Rom\u00e2nia. \u201eRespinge cu fermitate proiectul de lege al bugetului a\u0219a [&hellip;]<\/p>\n","protected":false},"author":2,"featured_media":8943,"comment_status":"open","ping_status":"open","sticky":false,"template":"","format":"standard","meta":{"jnews-multi-image_gallery":[],"jnews_single_post":[],"jnews_primary_category":[],"jnews_override_counter":[],"footnotes":""},"categories":[42],"tags":[1068,11759,6054,535,3179,11761,149,11760],"class_list":["post-8942","post","type-post","status-publish","format-standard","has-post-thumbnail","hentry","category-politica","tag-buget","tag-criza-inflatiei","tag-povara-fiscala","tag-preturi","tag-recesiune","tag-resurse-internationale","tag-romania","tag-senator-aur"],"_links":{"self":[{"href":"https:\/\/www.newsrecorder.ro\/app\/wp-json\/wp\/v2\/posts\/8942","targetHints":{"allow":["GET"]}}],"collection":[{"href":"https:\/\/www.newsrecorder.ro\/app\/wp-json\/wp\/v2\/posts"}],"about":[{"href":"https:\/\/www.newsrecorder.ro\/app\/wp-json\/wp\/v2\/types\/post"}],"author":[{"embeddable":true,"href":"https:\/\/www.newsrecorder.ro\/app\/wp-json\/wp\/v2\/users\/2"}],"replies":[{"embeddable":true,"href":"https:\/\/www.newsrecorder.ro\/app\/wp-json\/wp\/v2\/comments?post=8942"}],"version-history":[{"count":0,"href":"https:\/\/www.newsrecorder.ro\/app\/wp-json\/wp\/v2\/posts\/8942\/revisions"}],"wp:featuredmedia":[{"embeddable":true,"href":"https:\/\/www.newsrecorder.ro\/app\/wp-json\/wp\/v2\/media\/8943"}],"wp:attachment":[{"href":"https:\/\/www.newsrecorder.ro\/app\/wp-json\/wp\/v2\/media?parent=8942"}],"wp:term":[{"taxonomy":"category","embeddable":true,"href":"https:\/\/www.newsrecorder.ro\/app\/wp-json\/wp\/v2\/categories?post=8942"},{"taxonomy":"post_tag","embeddable":true,"href":"https:\/\/www.newsrecorder.ro\/app\/wp-json\/wp\/v2\/tags?post=8942"}],"curies":[{"name":"wp","href":"https:\/\/api.w.org\/{rel}","templated":true}]}}