{"id":8954,"date":"2026-03-17T06:08:33","date_gmt":"2026-03-17T06:08:33","guid":{"rendered":"https:\/\/www.newsrecorder.ro\/app\/2026\/03\/17\/neymar-absent-surpriza-din-lotul-braziliei-inainte-de-cupa-mondiala-2026\/"},"modified":"2026-03-17T06:08:33","modified_gmt":"2026-03-17T06:08:33","slug":"neymar-absent-surpriza-din-lotul-braziliei-inainte-de-cupa-mondiala-2026","status":"publish","type":"post","link":"https:\/\/www.newsrecorder.ro\/app\/2026\/03\/17\/neymar-absent-surpriza-din-lotul-braziliei-inainte-de-cupa-mondiala-2026\/","title":{"rendered":"Neymar, absent surpriz\u0103 din lotul Braziliei \u00eenainte de Cupa Mondial\u0103 2026!"},"content":{"rendered":"<p>Neymar, starul brazilian de la Santos, nu a fost inclus \u00een lotul na\u021bionalei, ceea ce \u00eei diminueaz\u0103 semnificativ \u0219ansele de a participa la turneul final. \u00cen locul s\u0103u, t\u00e2n\u0103rul atacant Endrick, care \u00ee\u0219i desf\u0103\u0219oar\u0103 activitatea la Olympique Lyonnais, revine \u00een echipa na\u021bional\u0103 dup\u0103 ce a avut presta\u021bii remarcabile \u00een acest sezon \u00een Fran\u021ba.<\/p>\n<p>Na\u021bionala Braziliei se confrunt\u0103, de asemenea, cu o serie de absen\u021be cauzate de accident\u0103ri. Rodrygo nu va putea participa dup\u0103 o ruptur\u0103 a ligamentelor \u00eencruci\u0219ate, iar \u00c9der Milit\u00e3o se confrunt\u0103 cu o problem\u0103 muscular\u0103. Pe l\u00e2ng\u0103 ace\u0219tia, \u0219i Bruno Guimar\u00e3es, precum \u0219i Est\u00eav\u00e3o Willian, sunt indisponibili din cauza unor accident\u0103ri la ischiogambieri.<\/p>\n<p>\u00cen ciuda acestor absen\u021be, lotul Braziliei include juc\u0103tori de top precum Vin\u00edcius J\u00fanior, Marquinhos \u0219i Raphinha, care vor contribui la forma echipei \u00een meciurile amicale viitoare.<\/p>\n<p>Acest grup va disputa dou\u0103 meciuri amicale importante \u00een Statele Unite. Brazilia va \u00eent\u00e2lni Fran\u021ba pe 26 martie, la Boston, \u0219i Croa\u021bia pe 1 aprilie, la Orlando, meciuri esen\u021biale pentru preg\u0103tirea echipei \u00eenainte de competi\u021biile interna\u021bionale.<\/p>\n<p>Lotul convocat de selec\u021bionerul Carlo Ancelotti include:<\/p>\n<p><strong>Portari:<\/strong> Alisson Becker (Liverpool FC), Bento Krepski (Al-Nassr), Ederson Moraes (Fenerbah\u00e7e SK)<\/p>\n<p><strong>Funda\u0219i:<\/strong> Alex Sandro (CR Flamengo), Gleison Bremer (Juventus FC), Danilo (CR Flamengo), Douglas Santos (Zenit Saint Petersburg), Gabriel Magalh\u00e3es (Arsenal FC), Roger Iba\u00f1ez (Al-Ahli), L\u00e9o Pereira (CR Flamengo), Marquinhos (Paris Saint-Germain), Wesley Fran\u00e7a (AS Roma)<\/p>\n<p><strong>Mijloca\u0219i:<\/strong> Andrey Santos (Chelsea FC), Casemiro (Manchester United), Danilo Barbosa (Botafogo FR), Fabinho (Al-Ittihad), Gabriel Sara (Galatasaray SK)<\/p>\n<p><strong>Atacan\u021bi:<\/strong> Endrick (Olympique Lyonnais), Gabriel Martinelli (Arsenal FC), Igor Thiago (Brentford FC), Luiz Henrique (Zenit Saint Petersburg), Matheus Cunha (Manchester United), Jo\u00e3o Pedro (Chelsea FC), Raphinha (FC Barcelona), Rayan Cherki (AFC Bournemouth), Vin\u00edcius J\u00fanior (Real Madrid).<\/p>\n","protected":false},"excerpt":{"rendered":"<p>Neymar, starul brazilian de la Santos, nu a fost inclus \u00een lotul na\u021bionalei, ceea ce \u00eei diminueaz\u0103 semnificativ \u0219ansele de a participa la turneul final. \u00cen locul s\u0103u, t\u00e2n\u0103rul atacant Endrick, care \u00ee\u0219i desf\u0103\u0219oar\u0103 activitatea la Olympique Lyonnais, revine \u00een echipa na\u021bional\u0103 dup\u0103 ce a avut presta\u021bii remarcabile \u00een acest sezon \u00een Fran\u021ba. Na\u021bionala Braziliei [&hellip;]<\/p>\n","protected":false},"author":6,"featured_media":8955,"comment_status":"open","ping_status":"open","sticky":false,"template":"","format":"standard","meta":{"jnews-multi-image_gallery":[],"jnews_single_post":[],"jnews_primary_category":[],"jnews_override_counter":[],"footnotes":""},"categories":[46],"tags":[1378,389,11772,11774,11668,11771,11773,5838],"class_list":["post-8954","post","type-post","status-publish","format-standard","has-post-thumbnail","hentry","category-sport","tag-accidentari","tag-brazilia","tag-endrick","tag-marquinhos","tag-meciuri-amicale","tag-neymar","tag-rodrygo","tag-vinicius-junior"],"_links":{"self":[{"href":"https:\/\/www.newsrecorder.ro\/app\/wp-json\/wp\/v2\/posts\/8954","targetHints":{"allow":["GET"]}}],"collection":[{"href":"https:\/\/www.newsrecorder.ro\/app\/wp-json\/wp\/v2\/posts"}],"about":[{"href":"https:\/\/www.newsrecorder.ro\/app\/wp-json\/wp\/v2\/types\/post"}],"author":[{"embeddable":true,"href":"https:\/\/www.newsrecorder.ro\/app\/wp-json\/wp\/v2\/users\/6"}],"replies":[{"embeddable":true,"href":"https:\/\/www.newsrecorder.ro\/app\/wp-json\/wp\/v2\/comments?post=8954"}],"version-history":[{"count":0,"href":"https:\/\/www.newsrecorder.ro\/app\/wp-json\/wp\/v2\/posts\/8954\/revisions"}],"wp:featuredmedia":[{"embeddable":true,"href":"https:\/\/www.newsrecorder.ro\/app\/wp-json\/wp\/v2\/media\/8955"}],"wp:attachment":[{"href":"https:\/\/www.newsrecorder.ro\/app\/wp-json\/wp\/v2\/media?parent=8954"}],"wp:term":[{"taxonomy":"category","embeddable":true,"href":"https:\/\/www.newsrecorder.ro\/app\/wp-json\/wp\/v2\/categories?post=8954"},{"taxonomy":"post_tag","embeddable":true,"href":"https:\/\/www.newsrecorder.ro\/app\/wp-json\/wp\/v2\/tags?post=8954"}],"curies":[{"name":"wp","href":"https:\/\/api.w.org\/{rel}","templated":true}]}}