{"id":8964,"date":"2026-03-17T06:39:42","date_gmt":"2026-03-17T06:39:42","guid":{"rendered":"https:\/\/www.newsrecorder.ro\/app\/2026\/03\/17\/zelenski-rusia-sprijina-iranul-in-modernizarea-dronelor-shahed-amenintari-pentru-israel-si-golf\/"},"modified":"2026-03-17T06:39:42","modified_gmt":"2026-03-17T06:39:42","slug":"zelenski-rusia-sprijina-iranul-in-modernizarea-dronelor-shahed-amenintari-pentru-israel-si-golf","status":"publish","type":"post","link":"https:\/\/www.newsrecorder.ro\/app\/2026\/03\/17\/zelenski-rusia-sprijina-iranul-in-modernizarea-dronelor-shahed-amenintari-pentru-israel-si-golf\/","title":{"rendered":"Zelenski: Rusia sprijin\u0103 Iranul \u00een modernizarea dronelor Shahed, amenin\u021b\u0103ri pentru Israel \u0219i Golf"},"content":{"rendered":"<p>Pre\u0219edintele ucrainean Volodimir Zelenski a afirmat recent c\u0103 Rusia a contribuit la modernizarea dronelor iraniene de tip Shahed, care acum reprezint\u0103 o amenin\u021bare nu doar pentru Ucraina, ci \u0219i pentru Israel, statele din Golf \u0219i trupele americane din Orientul Mijlociu.<\/p>\n<p>Aceast\u0103 declara\u021bie a fost f\u0103cut\u0103 \u00eentr-un interviu acordat publica\u021biei <a href=\"https:\/\/www.jpost.com\/international\/article-890168\">The Jerusalem Post<\/a>.<\/p>\n<p>Liderul de la Kiev a subliniat c\u0103 Ucraina a fost prima \u021bar\u0103 care s-a confruntat cu aceste tipuri de armament, iar experien\u021ba de pe front a demonstrat puterea acestor drone. \u201eAm avut o experien\u021b\u0103 teribil\u0103 cu aceste drone. [&#8230;] Ucraina a fost un fel de loc de experiment pentru aceste drone. Nici m\u0103car nu po\u021bi compara primele modele de Shahed, care au fost folosite la \u00eenceputul r\u0103zboiului, cu cele de ast\u0103zi\u201d, a declarat Zelenski.<\/p>\n<p>El a men\u021bionat c\u0103, la \u00eenceputul conflictului din 2022, autorit\u0103\u021bile ucrainene au \u00eencercat s\u0103 conving\u0103 Iranul s\u0103 nu furnizeze drone Rusiei. R\u0103spunsul oficialilor iranieni nu a fost deloc concludent, conform pre\u0219edintelui: \u201eAu spus c\u0103 \u00abBine&#8230; nu suntem alia\u021bi \u00een asta\u00bb. Apoi, au ad\u0103ugat c\u0103 \u00abLe-am v\u00e2ndut ru\u0219ilor aceast\u0103 parte a Shahed-urilor \u0219i vor fi 1.200 sau 1.300, \u0219i asta e tot\u00bb. Dar nu a fost adev\u0103rat. Au min\u021bit, desigur.\u201d<\/p>\n<p>Zelenski a afirmat c\u0103 Iranul nu doar c\u0103 a livrat drone, ci a oferit \u0219i suport tehnic, inclusiv instruirea operatorilor ru\u0219i \u0219i transferuri de tehnologie pentru produc\u021bia local\u0103. \u00cen prezent, rela\u021bia dintre Rusia \u0219i Iran func\u021bioneaz\u0103 \u00eentr-un mod reciproc, Rusia oferind tehnologie \u0219i \u00eembun\u0103t\u0103\u021biri c\u0103tre Iran.<\/p>\n<p>\u201eAm v\u0103zut c\u00e2teva detalii despre unul dintre Shahed-uri, care a fost distrus \u00eentr-una dintre \u021b\u0103rile din Orientul Mijlociu. Nu v\u0103 voi spune din ce \u021bar\u0103 este, \u00eemi pare r\u0103u, pentru c\u0103 am spus c\u0103 nu vom face public acest lucru\u201d, a ad\u0103ugat el. \u201eAm observat detalii ruse\u0219ti, iar noi \u0219tim c\u0103 iranienii nu le-au produs.\u201d<\/p>\n<p>C\u00e2nd a fost \u00eentrebat dac\u0103 acest lucru confirm\u0103 implicarea Moscovei \u00een dezvoltarea dronelor utilizate \u00een regiune, Zelenski a r\u0103spuns c\u0103 \u201easta \u00eenseamn\u0103 c\u0103 \u0219i ru\u0219ii i-au ajutat, la fel cum iranienii i-au ajutat [pe ru\u0219i] chiar la \u00eenceputul r\u0103zboiului [Rusia-Ucraina]\u201d.<\/p>\n<p>\u00cen opinia sa, impactul conflictului dintre Rusia \u0219i Ucraina dep\u0103\u0219e\u0219te grani\u021bele Europei de Est. \u201eAcestea sunt cuno\u0219tin\u021be importante de pe c\u00e2mpul de lupt\u0103. Aceasta este o tehnologie nou\u0103, bazat\u0103 pe tehnologii iraniene. Toate acestea vor avea impact asupra altor regiuni. Am spus \u00eentotdeauna Africa, Orientul Mijlociu \u0219i Europa\u201d, a ad\u0103ugat liderul ucrainean.<\/p>\n<p>Publica\u021bia The Jerusalem Post a subliniat c\u0103 acest interviu reprezint\u0103 \u201eun avertisment cu privire la ceea ce restul lumii va \u00eencepe s\u0103 se confrunte acum: un r\u0103zboi al dronelor care a \u00eenceput deasupra ora\u0219elor ucrainene, apoi s-a r\u0103sp\u00e2ndit, devenind mai ieftin, mai inteligent \u0219i mai greu de oprit.\u201d<\/p>\n","protected":false},"excerpt":{"rendered":"<p>Pre\u0219edintele ucrainean Volodimir Zelenski a afirmat recent c\u0103 Rusia a contribuit la modernizarea dronelor iraniene de tip Shahed, care acum reprezint\u0103 o amenin\u021bare nu doar pentru Ucraina, ci \u0219i pentru Israel, statele din Golf \u0219i trupele americane din Orientul Mijlociu. Aceast\u0103 declara\u021bie a fost f\u0103cut\u0103 \u00eentr-un interviu acordat publica\u021biei The Jerusalem Post. Liderul de la [&hellip;]<\/p>\n","protected":false},"author":2,"featured_media":8965,"comment_status":"open","ping_status":"open","sticky":false,"template":"","format":"standard","meta":{"jnews-multi-image_gallery":[],"jnews_single_post":[],"jnews_primary_category":[],"jnews_override_counter":[],"footnotes":""},"categories":[41],"tags":[924,913,268,2211,681,9581,682,1030],"class_list":["post-8964","post","type-post","status-publish","format-standard","has-post-thumbnail","hentry","category-externe","tag-drone","tag-iran","tag-israel","tag-orientul-mijlociu","tag-rusia","tag-shahed","tag-ucraina","tag-zelenski"],"_links":{"self":[{"href":"https:\/\/www.newsrecorder.ro\/app\/wp-json\/wp\/v2\/posts\/8964","targetHints":{"allow":["GET"]}}],"collection":[{"href":"https:\/\/www.newsrecorder.ro\/app\/wp-json\/wp\/v2\/posts"}],"about":[{"href":"https:\/\/www.newsrecorder.ro\/app\/wp-json\/wp\/v2\/types\/post"}],"author":[{"embeddable":true,"href":"https:\/\/www.newsrecorder.ro\/app\/wp-json\/wp\/v2\/users\/2"}],"replies":[{"embeddable":true,"href":"https:\/\/www.newsrecorder.ro\/app\/wp-json\/wp\/v2\/comments?post=8964"}],"version-history":[{"count":0,"href":"https:\/\/www.newsrecorder.ro\/app\/wp-json\/wp\/v2\/posts\/8964\/revisions"}],"wp:featuredmedia":[{"embeddable":true,"href":"https:\/\/www.newsrecorder.ro\/app\/wp-json\/wp\/v2\/media\/8965"}],"wp:attachment":[{"href":"https:\/\/www.newsrecorder.ro\/app\/wp-json\/wp\/v2\/media?parent=8964"}],"wp:term":[{"taxonomy":"category","embeddable":true,"href":"https:\/\/www.newsrecorder.ro\/app\/wp-json\/wp\/v2\/categories?post=8964"},{"taxonomy":"post_tag","embeddable":true,"href":"https:\/\/www.newsrecorder.ro\/app\/wp-json\/wp\/v2\/tags?post=8964"}],"curies":[{"name":"wp","href":"https:\/\/api.w.org\/{rel}","templated":true}]}}