{"id":897,"date":"2026-01-30T17:18:28","date_gmt":"2026-01-30T17:18:28","guid":{"rendered":"https:\/\/www.newsrecorder.ro\/app\/2026\/01\/30\/inter-se-pregateste-pentru-duelul-cu-bodo-glimt-in-playoff-ul-champions-league\/"},"modified":"2026-01-30T17:18:28","modified_gmt":"2026-01-30T17:18:28","slug":"inter-se-pregateste-pentru-duelul-cu-bodo-glimt-in-playoff-ul-champions-league","status":"publish","type":"post","link":"https:\/\/www.newsrecorder.ro\/app\/2026\/01\/30\/inter-se-pregateste-pentru-duelul-cu-bodo-glimt-in-playoff-ul-champions-league\/","title":{"rendered":"Inter se preg\u0103te\u0219te pentru duelul cu Bodo\/Glimt \u00een playoff-ul Champions League!"},"content":{"rendered":"<p><a href=\"https:\/\/www.mediafax.ro\/sport\/inter-echipa-antrenata-de-chivu-intalneste-pe-bodo-glimt-sau-benfica-in-play-off-ul-din-champions-league-23678291\" target=\"_blank\" rel=\"noopener\">Inter<\/a> Milano, sub conducerea lui Cristian Chivu, a evitat o confruntare cu echipa lui Jos\u00e9 Mourinho, Benfica, \u00een playoff-ul Ligii Campionilor. \u00cen schimb, echipa italian\u0103 se va duela cu forma\u021bia norvegian\u0103 Bodo\/Glimt.<\/p>\n<p>Primul meci al duelului este programat \u00eentre 17 \u0219i 18 februarie, iar returul va avea loc pe 24 \u0219i 25 februarie. Aceast\u0103 etap\u0103 este crucial\u0103, deoarece echipele c\u00e2\u0219tig\u0103toare ale acestor confrunt\u0103ri vor ob\u021bine calificarea \u00een optimile de final\u0103 ale competi\u021biei.<\/p>\n<p>Iat\u0103 lista meciurilor din playoff-ul Ligii Campionilor:<\/p>\n<ul>\n<li>Borussia Dortmund \u2013 Atalanta<\/li>\n<li>Olympiakos \u2013 Bayer Leverkusen<\/li>\n<li>Galatasaray \u2013 Juventus<\/li>\n<li>Club Brugge \u2013 Atletico Madrid<\/li>\n<li>AS Monaco \u2013 PSG<\/li>\n<li>Qarabag \u2013 Newcastle<\/li>\n<li>Benfica \u2013 Real Madrid<\/li>\n<li>Bodo\/Glimt \u2013 Inter<\/li>\n<\/ul>\n<p>Meciurile tur se vor desf\u0103\u0219ura pe terenul echipelor men\u021bionate prima dat\u0103. Suporterii a\u0219teapt\u0103 cu ner\u0103bdare aceste confrunt\u0103ri electrizante care promit mult\u0103 adrenalin\u0103 \u0219i momente de neuitat pe teren.<\/p>\n","protected":false},"excerpt":{"rendered":"<p>Inter Milano, sub conducerea lui Cristian Chivu, a evitat o confruntare cu echipa lui Jos\u00e9 Mourinho, Benfica, \u00een playoff-ul Ligii Campionilor. \u00cen schimb, echipa italian\u0103 se va duela cu forma\u021bia norvegian\u0103 Bodo\/Glimt. Primul meci al duelului este programat \u00eentre 17 \u0219i 18 februarie, iar returul va avea loc pe 24 \u0219i 25 februarie. Aceast\u0103 etap\u0103 [&hellip;]<\/p>\n","protected":false},"author":6,"featured_media":898,"comment_status":"open","ping_status":"open","sticky":false,"template":"","format":"standard","meta":{"jnews-multi-image_gallery":[],"jnews_single_post":[],"jnews_primary_category":[],"jnews_override_counter":[],"footnotes":""},"categories":[46],"tags":[1590,1591,835,837,102,331,335,1586],"class_list":["post-897","post","type-post","status-publish","format-standard","has-post-thumbnail","hentry","category-sport","tag-bodo-glimt","tag-confruntari","tag-cristian-chivu","tag-inter-milano","tag-liga-campionilor","tag-meciuri","tag-optimile-de-finala","tag-playoff"],"_links":{"self":[{"href":"https:\/\/www.newsrecorder.ro\/app\/wp-json\/wp\/v2\/posts\/897","targetHints":{"allow":["GET"]}}],"collection":[{"href":"https:\/\/www.newsrecorder.ro\/app\/wp-json\/wp\/v2\/posts"}],"about":[{"href":"https:\/\/www.newsrecorder.ro\/app\/wp-json\/wp\/v2\/types\/post"}],"author":[{"embeddable":true,"href":"https:\/\/www.newsrecorder.ro\/app\/wp-json\/wp\/v2\/users\/6"}],"replies":[{"embeddable":true,"href":"https:\/\/www.newsrecorder.ro\/app\/wp-json\/wp\/v2\/comments?post=897"}],"version-history":[{"count":0,"href":"https:\/\/www.newsrecorder.ro\/app\/wp-json\/wp\/v2\/posts\/897\/revisions"}],"wp:featuredmedia":[{"embeddable":true,"href":"https:\/\/www.newsrecorder.ro\/app\/wp-json\/wp\/v2\/media\/898"}],"wp:attachment":[{"href":"https:\/\/www.newsrecorder.ro\/app\/wp-json\/wp\/v2\/media?parent=897"}],"wp:term":[{"taxonomy":"category","embeddable":true,"href":"https:\/\/www.newsrecorder.ro\/app\/wp-json\/wp\/v2\/categories?post=897"},{"taxonomy":"post_tag","embeddable":true,"href":"https:\/\/www.newsrecorder.ro\/app\/wp-json\/wp\/v2\/tags?post=897"}],"curies":[{"name":"wp","href":"https:\/\/api.w.org\/{rel}","templated":true}]}}