{"id":8974,"date":"2026-03-17T06:41:43","date_gmt":"2026-03-17T06:41:43","guid":{"rendered":"https:\/\/www.newsrecorder.ro\/app\/2026\/03\/17\/kaja-kallas-ucraina-prioritate-vitala-pentru-securitatea-europeana\/"},"modified":"2026-03-17T06:41:43","modified_gmt":"2026-03-17T06:41:43","slug":"kaja-kallas-ucraina-prioritate-vitala-pentru-securitatea-europeana","status":"publish","type":"post","link":"https:\/\/www.newsrecorder.ro\/app\/2026\/03\/17\/kaja-kallas-ucraina-prioritate-vitala-pentru-securitatea-europeana\/","title":{"rendered":"Kaja Kallas: Ucraina, prioritate vital\u0103 pentru securitatea european\u0103!"},"content":{"rendered":"<p>Kaja Kallas, \u00cenaltul Reprezentant al Uniunii Europene pentru Afaceri Externe \u0219i Politica de Securitate, a subliniat luni c\u0103 Ucraina continu\u0103 s\u0103 fie \u201eo prioritate principal\u0103 de securitate european\u0103\u201d, conform unui articol publicat de <a href=\"https:\/\/www.kyivpost.com\/post\/72038\">Kyiv Post<\/a>.<\/p>\n<p>\u00cen cadrul unei \u00eent\u00e2lniri recente, mini\u0219trii Uniunii Europene au tras un semnal de alarm\u0103 cu privire la riscul ca conflictul din Ucraina s\u0103 fie eclipsat de cre\u0219terea tensiunilor \u00een Orientul Mijlociu. Kallas a declarat \u00eentr-o conferin\u021b\u0103 de pres\u0103: \u201eAm discutat despre r\u0103zboiul \u00eempotriva Ucrainei. Moscova beneficiaz\u0103 de pe urma cre\u0219terii pre\u021burilor la energie \u0219i a deturn\u0103rii resurselor de ap\u0103rare aerian\u0103 din Ucraina c\u0103tre Orientul Mijlociu.\u201d<\/p>\n<p>\u201eMini\u0219trii au fost foarte clari: Ucraina r\u0103m\u00e2ne o prioritate fundamental\u0103 de securitate european\u0103, iar aten\u021bia noastr\u0103 asupra acestei \u021b\u0103ri nu va fi diminuat\u0103\u201d, a ad\u0103ugat ea. Kallas a men\u021bionat \u0219i c\u0103 a fost abordat\u0103 suprapunerea dintre amenin\u021b\u0103rile cu care se confrunt\u0103 Ucraina \u0219i cele din regiunea Golfului.<\/p>\n<p>\u201eDronele care atac\u0103 Kievul sunt acelea\u0219i care lovesc \u0219i \u021b\u0103rile din Golf. Av\u00e2nd \u00een vedere c\u0103 Ucraina dispune de cea mai dezvoltat\u0103 ap\u0103rare \u00eempotriva dronelor, am discutat despre cum putem colabora pentru a r\u0103spunde at\u00e2t nevoilor \u021b\u0103rilor din Golf, c\u00e2t \u0219i celor ale Ucrainei, inclusiv ale industriei de ap\u0103rare\u201d, a explicat Kallas.<\/p>\n<p>De asemenea, Kallas a subliniat impactul continu\u0103rii r\u0103zboiului Rusiei asupra \u021b\u0103rilor vecine Ucrainei. \u201eRusia \u00ee\u0219i extinde agresiunea asupra vecinilor s\u0103i. Atacurile asupra hidrocentralelor din Ucraina pun \u00een pericol sursele de ap\u0103 ale Moldovei. \u00cen acest sens, sprijinim Moldova prin furnizarea de echipamente \u0219i imagini din satelit\u201d, a declarat ea.<\/p>\n<p>\u00cen ceea ce prive\u0219te sanc\u021biunile \u0219i energia, Kallas a afirmat c\u0103 Uniunea European\u0103 va continua s\u0103 exercite presiuni asupra Moscovei, chiar \u0219i dup\u0103 decizia Washingtonului de a relaxa restric\u021biile impuse asupra petrolului rusesc. \u201eDup\u0103 decizia SUA, Europa va men\u021bine sanc\u021biunile \u0219i va continua s\u0103 se distan\u021beze de combustibilii fosili din Rusia. Dac\u0103 dorim s\u0103 punem cap\u0103t acestui r\u0103zboi, Moscova trebuie s\u0103 aib\u0103 mai pu\u021bini bani pentru a-l sus\u021bine, nu mai mul\u021bi\u201d, a subliniat ea.<\/p>\n<p>Kallas a cerut m\u0103suri mai dure \u00eempotriva flotei maritime a Rusiei, consider\u00e2nd-o un instrument eficient de presiune pentru Uniunea European\u0103. \u201eIntensificarea presiunii asupra flotei din umbr\u0103 a Rusiei este una dintre cele mai bune strategii pe care le avem. Felicit Fran\u021ba, Belgia \u0219i Suedia pentru confiscarea petrolierelor cu pavilion fals. Este timpul s\u0103 ac\u021bion\u0103m decisiv \u00eempotriva flotei din umbr\u0103 a Rusiei\u201d, a afirmat ea.<\/p>\n<p>\u00cen final, Kallas a men\u021bionat c\u0103 Bruxelles-ul a discutat \u0219i despre pa\u0219ii urm\u0103tori \u00een ceea ce prive\u0219te m\u0103surile financiare \u0219i sanc\u021biunile suplimentare. \u201eAdoptarea celui de-al 20-lea pachet de sanc\u021biuni din partea UE este a\u0219teptat\u0103 de mult. Am discutat despre cum s\u0103 avans\u0103m \u00een aceast\u0103 privin\u021b\u0103. Acela\u0219i lucru este valabil \u0219i pentru \u00eemprumutul de 90 de miliarde de euro\u201d, a concluzionat ea.<\/p>\n","protected":false},"excerpt":{"rendered":"<p>Kaja Kallas, \u00cenaltul Reprezentant al Uniunii Europene pentru Afaceri Externe \u0219i Politica de Securitate, a subliniat luni c\u0103 Ucraina continu\u0103 s\u0103 fie \u201eo prioritate principal\u0103 de securitate european\u0103\u201d, conform unui articol publicat de Kyiv Post. \u00cen cadrul unei \u00eent\u00e2lniri recente, mini\u0219trii Uniunii Europene au tras un semnal de alarm\u0103 cu privire la riscul ca conflictul [&hellip;]<\/p>\n","protected":false},"author":2,"featured_media":8975,"comment_status":"open","ping_status":"open","sticky":false,"template":"","format":"standard","meta":{"jnews-multi-image_gallery":[],"jnews_single_post":[],"jnews_primary_category":[],"jnews_override_counter":[],"footnotes":""},"categories":[41],"tags":[684,3611,2211,3216,11786,7447,682,321],"class_list":["post-8974","post","type-post","status-publish","format-standard","has-post-thumbnail","hentry","category-externe","tag-conflict","tag-kaja-kallas","tag-orientul-mijlociu","tag-preturi-energie","tag-resurse-aparare","tag-securitate-europeana","tag-ucraina","tag-uniunea-europeana"],"_links":{"self":[{"href":"https:\/\/www.newsrecorder.ro\/app\/wp-json\/wp\/v2\/posts\/8974","targetHints":{"allow":["GET"]}}],"collection":[{"href":"https:\/\/www.newsrecorder.ro\/app\/wp-json\/wp\/v2\/posts"}],"about":[{"href":"https:\/\/www.newsrecorder.ro\/app\/wp-json\/wp\/v2\/types\/post"}],"author":[{"embeddable":true,"href":"https:\/\/www.newsrecorder.ro\/app\/wp-json\/wp\/v2\/users\/2"}],"replies":[{"embeddable":true,"href":"https:\/\/www.newsrecorder.ro\/app\/wp-json\/wp\/v2\/comments?post=8974"}],"version-history":[{"count":0,"href":"https:\/\/www.newsrecorder.ro\/app\/wp-json\/wp\/v2\/posts\/8974\/revisions"}],"wp:featuredmedia":[{"embeddable":true,"href":"https:\/\/www.newsrecorder.ro\/app\/wp-json\/wp\/v2\/media\/8975"}],"wp:attachment":[{"href":"https:\/\/www.newsrecorder.ro\/app\/wp-json\/wp\/v2\/media?parent=8974"}],"wp:term":[{"taxonomy":"category","embeddable":true,"href":"https:\/\/www.newsrecorder.ro\/app\/wp-json\/wp\/v2\/categories?post=8974"},{"taxonomy":"post_tag","embeddable":true,"href":"https:\/\/www.newsrecorder.ro\/app\/wp-json\/wp\/v2\/tags?post=8974"}],"curies":[{"name":"wp","href":"https:\/\/api.w.org\/{rel}","templated":true}]}}