{"id":9012,"date":"2026-03-17T14:12:40","date_gmt":"2026-03-17T14:12:40","guid":{"rendered":"https:\/\/www.newsrecorder.ro\/app\/2026\/03\/17\/ciolacu-cresterea-cu-1-leu-la-combustibil-aduce-250-milioane-la-buget\/"},"modified":"2026-03-17T14:12:40","modified_gmt":"2026-03-17T14:12:40","slug":"ciolacu-cresterea-cu-1-leu-la-combustibil-aduce-250-milioane-la-buget","status":"publish","type":"post","link":"https:\/\/www.newsrecorder.ro\/app\/2026\/03\/17\/ciolacu-cresterea-cu-1-leu-la-combustibil-aduce-250-milioane-la-buget\/","title":{"rendered":"Ciolacu: Cre\u0219terea cu 1 leu la combustibil aduce 250 milioane la buget!"},"content":{"rendered":"<p>Marcel Ciolacu, fostul premier al Rom\u00e2niei, critic\u0103 dur actuala conducere, \u00eendrept\u00e2ndu-\u0219i repro\u0219urile c\u0103tre prim-ministrul Ilie Bolojan \u0219i ministrul de Finan\u021be, Alexandru Nazare. Acesta \u00eei acuz\u0103 c\u0103 nu iau m\u0103suri pentru a stopa cre\u0219terea alarmant\u0103 a pre\u021burilor la carburan\u021bi, \u00een timp ce sus\u021bin c\u0103 nu exist\u0103 suficiente fonduri pentru a acoperi m\u0103surile sociale propuse de PSD.<\/p>\n<p>\u201eBolojan \u0219i Nazare afirm\u0103 c\u0103 nu pot g\u0103si 1,7 miliarde de lei pentru a sus\u021bine toate m\u0103surile din Pachetul de Solidaritate al PSD, dar permit ca pre\u021burile la carburan\u021bi s\u0103 explodeze, ceea ce va duce la o pierdere de 5-6 miliarde de lei pentru buget. Aceasta, pe l\u00e2ng\u0103 profiturile mai mari pentru companiile din domeniul energetic!\u201d a scris Ciolacu pe re\u021belele sociale.<\/p>\n<p>Fostul prim-ministru subliniaz\u0103 impactul infla\u021biei asupra bugetului: \u201eAdev\u0103rul este evident: doar din taxa pe infla\u021bie vor ob\u021bine venituri fiscale mult mai mari dec\u00e2t cele prognozate. O cre\u0219tere cu un punct procentual a infla\u021biei se traduce \u00een aproximativ 5-6 miliarde de lei \u00een plus la buget. De asemenea, o cre\u0219tere de 1 leu la pre\u021bul combustibilului genereaz\u0103 250 de milioane de lei lunar suplimentar din TVA.\u201d<\/p>\n<p>Ciolacu acuz\u0103 actuala guvernare de o \u201e\u00een\u0219el\u0103torie grosolan\u0103\u201d \u0219i sugereaz\u0103 c\u0103 dac\u0103 ar dori cu adev\u0103rat s\u0103 ajute popula\u021bia, ar putea folosi cardurile pentru persoanele vulnerabile, emise cu patru ani \u00een urm\u0103: \u201eAceste carduri ar putea oferi un ajutor unic, doar din \u00eencas\u0103rile suplimentare generate de cre\u0219terea pre\u021burilor la combustibili. Astfel, ar putea oferi 200 de lei lunar persoanelor vulnerabile pentru acoperirea costurilor cu motorina, gazele sau curentul.\u201d<\/p>\n<p>\u201ePentru aceasta, nu este necesar\u0103 plafonarea pre\u021burilor, de care sus\u021bin\u0103torii ultra-liberalismului se tem, consider\u00e2nd c\u0103 afecteaz\u0103 libera concuren\u021b\u0103. Dar, \u00een realitate, aceast\u0103 concuren\u021b\u0103 se aliniaz\u0103 rapid la cele mai mari pre\u021buri, av\u00e2nd ca scop profitul, nu binele comun. Tot ce trebuie s\u0103 fac\u0103 este s\u0103 manifeste empatie fa\u021b\u0103 de cet\u0103\u021beni,\u201d a ad\u0103ugat Ciolacu.<\/p>\n<p>La final, fostul premier se adreseaz\u0103 parlamentarilor PNL, transmi\u021b\u00e2ndu-le un mesaj acid, \u00een special actualului prim-ministru, care \u00ee\u0219i s\u0103rb\u0103tore\u0219te ziua de na\u0219tere: \u201eSper ca parlamentarii, \u00een special cei liberali, s\u0103 \u00een\u021beleag\u0103 c\u0103 a fi solidari cu un c\u0103l\u0103u nu reprezint\u0103 responsabilitate, ci o form\u0103 de cruzime. Rom\u00e2nii nu mai accept\u0103 astfel de minciuni. Era lui Bolojan se apropie de sf\u00e2r\u0219it!\u201d<\/p>\n<p>\u201ePS: La mul\u021bi ani, Ilie Bolojan. Sper ca aceast\u0103 s\u0103rb\u0103toare s\u0103 fie prima \u0219i ultima zi de na\u0219tere pe care o petreci ca prim-ministru,\u201d a \u00eencheiat Marcel Ciolacu.<\/p>\n","protected":false},"excerpt":{"rendered":"<p>Marcel Ciolacu, fostul premier al Rom\u00e2niei, critic\u0103 dur actuala conducere, \u00eendrept\u00e2ndu-\u0219i repro\u0219urile c\u0103tre prim-ministrul Ilie Bolojan \u0219i ministrul de Finan\u021be, Alexandru Nazare. Acesta \u00eei acuz\u0103 c\u0103 nu iau m\u0103suri pentru a stopa cre\u0219terea alarmant\u0103 a pre\u021burilor la carburan\u021bi, \u00een timp ce sus\u021bin c\u0103 nu exist\u0103 suficiente fonduri pentru a acoperi m\u0103surile sociale propuse de PSD. [&hellip;]<\/p>\n","protected":false},"author":2,"featured_media":9013,"comment_status":"open","ping_status":"open","sticky":false,"template":"","format":"standard","meta":{"jnews-multi-image_gallery":[],"jnews_single_post":[],"jnews_primary_category":[],"jnews_override_counter":[],"footnotes":""},"categories":[42],"tags":[4672,1068,302,778,638,6318,5204,8948],"class_list":["post-9012","post","type-post","status-publish","format-standard","has-post-thumbnail","hentry","category-politica","tag-alexandru-nazare","tag-buget","tag-ilie-bolojan","tag-inflatie","tag-marcel-ciolacu","tag-masuri-sociale","tag-pachet-de-solidaritate","tag-preturi-carburanti"],"_links":{"self":[{"href":"https:\/\/www.newsrecorder.ro\/app\/wp-json\/wp\/v2\/posts\/9012","targetHints":{"allow":["GET"]}}],"collection":[{"href":"https:\/\/www.newsrecorder.ro\/app\/wp-json\/wp\/v2\/posts"}],"about":[{"href":"https:\/\/www.newsrecorder.ro\/app\/wp-json\/wp\/v2\/types\/post"}],"author":[{"embeddable":true,"href":"https:\/\/www.newsrecorder.ro\/app\/wp-json\/wp\/v2\/users\/2"}],"replies":[{"embeddable":true,"href":"https:\/\/www.newsrecorder.ro\/app\/wp-json\/wp\/v2\/comments?post=9012"}],"version-history":[{"count":0,"href":"https:\/\/www.newsrecorder.ro\/app\/wp-json\/wp\/v2\/posts\/9012\/revisions"}],"wp:featuredmedia":[{"embeddable":true,"href":"https:\/\/www.newsrecorder.ro\/app\/wp-json\/wp\/v2\/media\/9013"}],"wp:attachment":[{"href":"https:\/\/www.newsrecorder.ro\/app\/wp-json\/wp\/v2\/media?parent=9012"}],"wp:term":[{"taxonomy":"category","embeddable":true,"href":"https:\/\/www.newsrecorder.ro\/app\/wp-json\/wp\/v2\/categories?post=9012"},{"taxonomy":"post_tag","embeddable":true,"href":"https:\/\/www.newsrecorder.ro\/app\/wp-json\/wp\/v2\/tags?post=9012"}],"curies":[{"name":"wp","href":"https:\/\/api.w.org\/{rel}","templated":true}]}}