{"id":9014,"date":"2026-03-17T14:13:02","date_gmt":"2026-03-17T14:13:02","guid":{"rendered":"https:\/\/www.newsrecorder.ro\/app\/2026\/03\/17\/daniel-buda-fermierii-romani-din-sectorul-ovin-si-caprin-in-criza\/"},"modified":"2026-03-17T14:13:02","modified_gmt":"2026-03-17T14:13:02","slug":"daniel-buda-fermierii-romani-din-sectorul-ovin-si-caprin-in-criza","status":"publish","type":"post","link":"https:\/\/www.newsrecorder.ro\/app\/2026\/03\/17\/daniel-buda-fermierii-romani-din-sectorul-ovin-si-caprin-in-criza\/","title":{"rendered":"Daniel Buda: Fermierii rom\u00e2ni din sectorul ovin \u0219i caprin, \u00een criz\u0103!"},"content":{"rendered":"<p>Europarlamentarul PNL, <strong>Daniel Buda<\/strong>, a transmis, mar\u021bi, printr-o postare pe Facebook, informa\u021bii relevante despre situa\u021bia critic\u0103 \u00een care se afl\u0103 fermierii rom\u00e2ni din sectorul ovin \u0219i caprin.<\/p>\n<p>Acesta a solicitat interven\u021bia urgent\u0103 a Comisiei Europene pentru a debloca criza care afecteaz\u0103 grav exporturile \u0219i activitatea agricol\u0103 a fermierilor. \u201eFermierii din sectorul ovin \u0219i caprin din Rom\u00e2nia se afl\u0103 \u00eentr-un blocaj total: am cerut interven\u021bia urgent\u0103 a Comisiei Europene!\u201d, a subliniat Buda, eviden\u021biind gravitatea problemei.<\/p>\n<p>\u00cen cadrul post\u0103rii, europarlamentarul a detaliat c\u0103 a \u00eentreprins deja un demers oficial c\u0103tre comisarul european responsabil pentru bun\u0103starea animalelor, <strong>Oliv\u00e9r V\u00e1rhelyi<\/strong>, pentru a semnala aceast\u0103 situa\u021bie alarmant\u0103. \u201e\u00cen aceast\u0103 diminea\u021b\u0103, am transmis o solicitare oficial\u0103 c\u0103tre comisarul european Oliv\u00e9r V\u00e1rhelyi privind situa\u021bia critic\u0103 \u00een care se afl\u0103 fermierii rom\u00e2ni din sectorul ovin \u0219i caprin\u201d, a declarat Buda.<\/p>\n<p>Potrivit europarlamentarului, Rom\u00e2nia joac\u0103 un rol crucial pe pia\u021ba european\u0103 a exporturilor de ovine, dar contextul interna\u021bional actual afecteaz\u0103 semnificativ acest sector. \u201eRom\u00e2nia este unul dintre cei mai mari exportatori de ovine din Europa, iar aproximativ 70% din exporturi sunt destinate pie\u021belor din Orientul Mijlociu. Din p\u0103cate, din cauza conflictului din regiune, aceste exporturi sunt grav afectate\u201d, a explicat Buda.<\/p>\n<p>Fermierii rom\u00e2ni se confrunt\u0103, de asemenea, cu restric\u021bii sanitare care le limiteaz\u0103 op\u021biunile de redirec\u021bionare a animalelor. \u201eFermierii nu \u00ee\u0219i pot redirec\u021biona animalele c\u0103tre pia\u021ba european\u0103 din cauza restric\u021biilor sanitar-veterinare legate de pesta micilor rumeg\u0103toare. Astfel, animalele r\u0103m\u00e2n \u00een ferme, iar costurile cresc zilnic, f\u0103r\u0103 posibilitatea de a valorifica produc\u021bia\u201d, a ad\u0103ugat el.<\/p>\n<p>\u201eFermierii rom\u00e2ni sunt prin\u0219i \u00eentr-un dublu blocaj\u201d, a afirmat europarlamentarul, care a cerut aplicarea unor m\u0103suri suplimentare la nivel european pentru a sprijini sectorul. Daniel Buda a solicitat, de asemenea, \u201eacordarea urgent\u0103 a unei derog\u0103ri temporare care s\u0103 permit\u0103 reluarea controlat\u0103 a exporturilor \u00een pia\u021ba unic\u0103, dar \u0219i identificarea unor solu\u021bii pentru redeschiderea rutelor comerciale c\u0103tre partenerii tradi\u021bionali din Orientul Mijlociu\u201d.<\/p>\n","protected":false},"excerpt":{"rendered":"<p>Europarlamentarul PNL, Daniel Buda, a transmis, mar\u021bi, printr-o postare pe Facebook, informa\u021bii relevante despre situa\u021bia critic\u0103 \u00een care se afl\u0103 fermierii rom\u00e2ni din sectorul ovin \u0219i caprin. Acesta a solicitat interven\u021bia urgent\u0103 a Comisiei Europene pentru a debloca criza care afecteaz\u0103 grav exporturile \u0219i activitatea agricol\u0103 a fermierilor. \u201eFermierii din sectorul ovin \u0219i caprin din [&hellip;]<\/p>\n","protected":false},"author":2,"featured_media":9015,"comment_status":"open","ping_status":"open","sticky":false,"template":"","format":"standard","meta":{"jnews-multi-image_gallery":[],"jnews_single_post":[],"jnews_primary_category":[],"jnews_override_counter":[],"footnotes":""},"categories":[42],"tags":[603,499,11831,5164,11828,11832,11830,11829],"class_list":["post-9014","post","type-post","status-publish","format-standard","has-post-thumbnail","hentry","category-politica","tag-bunastarea-animalelor","tag-comisia-europeana","tag-criza-agricola","tag-daniel-buda","tag-fermierii-romani","tag-interventie-urgenta","tag-sectorul-caprin","tag-sectorul-ovin"],"_links":{"self":[{"href":"https:\/\/www.newsrecorder.ro\/app\/wp-json\/wp\/v2\/posts\/9014","targetHints":{"allow":["GET"]}}],"collection":[{"href":"https:\/\/www.newsrecorder.ro\/app\/wp-json\/wp\/v2\/posts"}],"about":[{"href":"https:\/\/www.newsrecorder.ro\/app\/wp-json\/wp\/v2\/types\/post"}],"author":[{"embeddable":true,"href":"https:\/\/www.newsrecorder.ro\/app\/wp-json\/wp\/v2\/users\/2"}],"replies":[{"embeddable":true,"href":"https:\/\/www.newsrecorder.ro\/app\/wp-json\/wp\/v2\/comments?post=9014"}],"version-history":[{"count":0,"href":"https:\/\/www.newsrecorder.ro\/app\/wp-json\/wp\/v2\/posts\/9014\/revisions"}],"wp:featuredmedia":[{"embeddable":true,"href":"https:\/\/www.newsrecorder.ro\/app\/wp-json\/wp\/v2\/media\/9015"}],"wp:attachment":[{"href":"https:\/\/www.newsrecorder.ro\/app\/wp-json\/wp\/v2\/media?parent=9014"}],"wp:term":[{"taxonomy":"category","embeddable":true,"href":"https:\/\/www.newsrecorder.ro\/app\/wp-json\/wp\/v2\/categories?post=9014"},{"taxonomy":"post_tag","embeddable":true,"href":"https:\/\/www.newsrecorder.ro\/app\/wp-json\/wp\/v2\/tags?post=9014"}],"curies":[{"name":"wp","href":"https:\/\/api.w.org\/{rel}","templated":true}]}}