{"id":9016,"date":"2026-03-17T14:13:36","date_gmt":"2026-03-17T14:13:36","guid":{"rendered":"https:\/\/www.newsrecorder.ro\/app\/2026\/03\/17\/garda-de-mediu-solicita-un-plan-national-revolutionar-pentru-deseuri\/"},"modified":"2026-03-17T14:13:36","modified_gmt":"2026-03-17T14:13:36","slug":"garda-de-mediu-solicita-un-plan-national-revolutionar-pentru-deseuri","status":"publish","type":"post","link":"https:\/\/www.newsrecorder.ro\/app\/2026\/03\/17\/garda-de-mediu-solicita-un-plan-national-revolutionar-pentru-deseuri\/","title":{"rendered":"Garda de Mediu solicit\u0103 un plan na\u021bional revolu\u021bionar pentru de\u0219euri!"},"content":{"rendered":"<p>Luni, pe pagina oficial\u0103 de Facebook, reprezentan\u021bii G\u0103rzii de Mediu au anun\u021bat demararea unor controale la nivel na\u021bional. Inspectorii vor verifica modul \u00een care prim\u0103riile, asocia\u021biile intracomunitare \u0219i Consiliile Jude\u021bene \u00ee\u0219i gestioneaz\u0103 de\u0219eurile.<\/p>\n<p><em>\u201e\u00cencepem un control masiv al tuturor administra\u021biilor, locale, jude\u021bene \u0219i intracomunitare, viz\u00e2nd gestionarea de\u0219eurilor. Este al patrulea an consecutiv \u00een care exper\u021bii no\u0219tri verific\u0103 mii de administra\u021bii \u0219i adun\u0103 date din teren, care, din p\u0103cate, nu reflect\u0103 o situa\u021bie bun\u0103. Concluzia noastr\u0103 este c\u0103 oper\u0103m pe baza unui Plan Na\u021bional de Gestionare a De\u0219eurilor dep\u0103\u0219it, ceea ce a dus la un procent alarmant de 88% de\u0219euri nereciclate la nivel na\u021bional,\u201d<\/em> a declarat Andrei Corlan, Comisarul General al G\u0103rzii Na\u021bionale de Mediu.<\/p>\n<p>\u00cen 2025, Garda de Mediu a aplicat amenzi record, \u00een valoare de <a href=\"https:\/\/www.mediafax.ro\/social\/primariile-din-tara-amendate-de-garda-de-mediu-pentru-ca-nu-gestioneaza-deseurile-la-nivel-local-23677320\" target=\"_blank\" rel=\"noopener\">25 de milioane de lei<\/a>. Cu toate acestea, 88% din de\u0219eurile colectate la nivel na\u021bional r\u0103m\u00e2n nereciclate, iar mai pu\u021bin de jum\u0103tate dintre acestea beneficiaz\u0103 de o form\u0103 minim\u0103 de tratament \u00eenainte de a ajunge la gropile de gunoi.<\/p>\n<p>Peste 200.000 de tone de de\u0219euri au fost trimise spre reciclare prin Sistemul de Gestiune a De\u0219eurilor (SGR). Conform raportului publicat de Garda de Mediu \u00een 2024, prin SGR au fost colectate \u0219i trimise spre reciclare aproximativ 209.000 de tone de de\u0219euri, o valoare care reprezint\u0103 doar 4% din totalul de peste 5,5 milioane de tone de\u0219euri colectate la nivel na\u021bional.<\/p>\n<p>Dintre cele peste 5,4 milioane de tone colectate, \u00een jur de 3 milioane de tone de de\u0219euri au fost depozitate f\u0103r\u0103 a fi tratate, conform informa\u021biilor furnizate de Garda de Mediu.<\/p>\n<p>Exper\u021bii G\u0103rzii Na\u021bionale de Mediu au avansat mai multe propuneri de ajustare a politicilor publice \u00een gestionarea de\u0219eurilor. Acestea includ clarificarea domeniului de aplicare, pentru a evita confuziile legate de obliga\u021biile unit\u0103\u021bilor administrativ-teritoriale \u0219i operatorilor de salubritate, precum \u0219i ajustarea indicatorilor de performan\u021b\u0103 referitori la regimul de\u0219eurilor. Ace\u0219ti indicatori, \u00een loc s\u0103 contribuie la cre\u0219terea nivelului de de\u0219euri reciclate, determin\u0103 unele companii de sortare s\u0103 refuze de\u0219eurile aduse pentru sortare, conform comunicatului publicat.<\/p>\n","protected":false},"excerpt":{"rendered":"<p>Luni, pe pagina oficial\u0103 de Facebook, reprezentan\u021bii G\u0103rzii de Mediu au anun\u021bat demararea unor controale la nivel na\u021bional. Inspectorii vor verifica modul \u00een care prim\u0103riile, asocia\u021biile intracomunitare \u0219i Consiliile Jude\u021bene \u00ee\u0219i gestioneaz\u0103 de\u0219eurile. \u201e\u00cencepem un control masiv al tuturor administra\u021biilor, locale, jude\u021bene \u0219i intracomunitare, viz\u00e2nd gestionarea de\u0219eurilor. Este al patrulea an consecutiv \u00een care exper\u021bii [&hellip;]<\/p>\n","protected":false},"author":2,"featured_media":9017,"comment_status":"open","ping_status":"open","sticky":false,"template":"","format":"standard","meta":{"jnews-multi-image_gallery":[],"jnews_single_post":[],"jnews_primary_category":[],"jnews_override_counter":[],"footnotes":""},"categories":[42],"tags":[11834,4169,11833,6823,5583,11835,1703,3682],"class_list":["post-9016","post","type-post","status-publish","format-standard","has-post-thumbnail","hentry","category-politica","tag-asociatii-intracomunitare","tag-consilii-judetene","tag-controale-nationale","tag-garda-de-mediu","tag-gestionarea-deseurilor","tag-plan-national-de-gestionare","tag-primarii","tag-reciclare"],"_links":{"self":[{"href":"https:\/\/www.newsrecorder.ro\/app\/wp-json\/wp\/v2\/posts\/9016","targetHints":{"allow":["GET"]}}],"collection":[{"href":"https:\/\/www.newsrecorder.ro\/app\/wp-json\/wp\/v2\/posts"}],"about":[{"href":"https:\/\/www.newsrecorder.ro\/app\/wp-json\/wp\/v2\/types\/post"}],"author":[{"embeddable":true,"href":"https:\/\/www.newsrecorder.ro\/app\/wp-json\/wp\/v2\/users\/2"}],"replies":[{"embeddable":true,"href":"https:\/\/www.newsrecorder.ro\/app\/wp-json\/wp\/v2\/comments?post=9016"}],"version-history":[{"count":0,"href":"https:\/\/www.newsrecorder.ro\/app\/wp-json\/wp\/v2\/posts\/9016\/revisions"}],"wp:featuredmedia":[{"embeddable":true,"href":"https:\/\/www.newsrecorder.ro\/app\/wp-json\/wp\/v2\/media\/9017"}],"wp:attachment":[{"href":"https:\/\/www.newsrecorder.ro\/app\/wp-json\/wp\/v2\/media?parent=9016"}],"wp:term":[{"taxonomy":"category","embeddable":true,"href":"https:\/\/www.newsrecorder.ro\/app\/wp-json\/wp\/v2\/categories?post=9016"},{"taxonomy":"post_tag","embeddable":true,"href":"https:\/\/www.newsrecorder.ro\/app\/wp-json\/wp\/v2\/tags?post=9016"}],"curies":[{"name":"wp","href":"https:\/\/api.w.org\/{rel}","templated":true}]}}