{"id":9022,"date":"2026-03-17T14:14:32","date_gmt":"2026-03-17T14:14:32","guid":{"rendered":"https:\/\/www.newsrecorder.ro\/app\/2026\/03\/17\/ambasadorul-rus-de-la-chisinau-provocat-cu-o-sticla-de-apa-din-nistru\/"},"modified":"2026-03-17T14:14:32","modified_gmt":"2026-03-17T14:14:32","slug":"ambasadorul-rus-de-la-chisinau-provocat-cu-o-sticla-de-apa-din-nistru","status":"publish","type":"post","link":"https:\/\/www.newsrecorder.ro\/app\/2026\/03\/17\/ambasadorul-rus-de-la-chisinau-provocat-cu-o-sticla-de-apa-din-nistru\/","title":{"rendered":"Ambasadorul rus de la Chi\u0219in\u0103u, provocat cu o sticl\u0103 de ap\u0103 din Nistru!"},"content":{"rendered":"<p>Ambasadorul Rusiei \u00een Republica Moldova, Oleg Ozerov, a fost chemat oficial la Ministerul Afacerilor Externe (MAE) de la Chi\u0219in\u0103u, unde a primit o not\u0103 de protest \u00eempreun\u0103 cu o sticl\u0103 de ap\u0103 contaminat\u0103 din r\u00e2ul Nistru, conform informa\u021biilor oferite de Ukrinform.<\/p>\n<p>Convocarea ambasadorului a fost generat\u0103 de bombardamentele ruse asupra hidrocentralei de la Novodniestrovsk din Ucraina, atacuri care au dus la deversarea de produse petroliere \u00een Nistru. Acest incident a suscitat \u00eengrijor\u0103ri majore \u00een r\u00e2ndul autorit\u0103\u021bilor moldovene, av\u00e2nd \u00een vedere c\u0103 r\u00e2ul Nistru furnizeaz\u0103 ap\u0103 pentru aproximativ 80% din popula\u021bia \u021b\u0103rii \u0219i 98% din locuitorii capitalei, Chi\u0219in\u0103u.<\/p>\n<p>Atacul asupra centralei hidroelectrice a avut consecin\u021be grave, polu\u00e2nd re\u021belele de ap\u0103 din Moldova \u0219i afect\u00e2nd astfel accesul cet\u0103\u021benilor la ap\u0103 potabil\u0103. Situa\u021bia a fost considerat\u0103 deosebit de alarmant\u0103, av\u00e2nd \u00een vedere dependen\u021ba mare a popula\u021biei de resursele de ap\u0103 ale r\u00e2ului.<\/p>\n","protected":false},"excerpt":{"rendered":"<p>Ambasadorul Rusiei \u00een Republica Moldova, Oleg Ozerov, a fost chemat oficial la Ministerul Afacerilor Externe (MAE) de la Chi\u0219in\u0103u, unde a primit o not\u0103 de protest \u00eempreun\u0103 cu o sticl\u0103 de ap\u0103 contaminat\u0103 din r\u00e2ul Nistru, conform informa\u021biilor oferite de Ukrinform. Convocarea ambasadorului a fost generat\u0103 de bombardamentele ruse asupra hidrocentralei de la Novodniestrovsk din [&hellip;]<\/p>\n","protected":false},"author":2,"featured_media":9023,"comment_status":"open","ping_status":"open","sticky":false,"template":"","format":"standard","meta":{"jnews-multi-image_gallery":[],"jnews_single_post":[],"jnews_primary_category":[],"jnews_override_counter":[],"footnotes":""},"categories":[42],"tags":[11847,6545,11850,359,11848,789,11849,285],"class_list":["post-9022","post","type-post","status-publish","format-standard","has-post-thumbnail","hentry","category-politica","tag-ambasadorul-rusiei","tag-apa-contaminata","tag-hidrocentrala","tag-ministerul-afacerilor-externe","tag-nota-de-protest","tag-poluare","tag-raul-nistru","tag-republica-moldova"],"_links":{"self":[{"href":"https:\/\/www.newsrecorder.ro\/app\/wp-json\/wp\/v2\/posts\/9022","targetHints":{"allow":["GET"]}}],"collection":[{"href":"https:\/\/www.newsrecorder.ro\/app\/wp-json\/wp\/v2\/posts"}],"about":[{"href":"https:\/\/www.newsrecorder.ro\/app\/wp-json\/wp\/v2\/types\/post"}],"author":[{"embeddable":true,"href":"https:\/\/www.newsrecorder.ro\/app\/wp-json\/wp\/v2\/users\/2"}],"replies":[{"embeddable":true,"href":"https:\/\/www.newsrecorder.ro\/app\/wp-json\/wp\/v2\/comments?post=9022"}],"version-history":[{"count":0,"href":"https:\/\/www.newsrecorder.ro\/app\/wp-json\/wp\/v2\/posts\/9022\/revisions"}],"wp:featuredmedia":[{"embeddable":true,"href":"https:\/\/www.newsrecorder.ro\/app\/wp-json\/wp\/v2\/media\/9023"}],"wp:attachment":[{"href":"https:\/\/www.newsrecorder.ro\/app\/wp-json\/wp\/v2\/media?parent=9022"}],"wp:term":[{"taxonomy":"category","embeddable":true,"href":"https:\/\/www.newsrecorder.ro\/app\/wp-json\/wp\/v2\/categories?post=9022"},{"taxonomy":"post_tag","embeddable":true,"href":"https:\/\/www.newsrecorder.ro\/app\/wp-json\/wp\/v2\/tags?post=9022"}],"curies":[{"name":"wp","href":"https:\/\/api.w.org\/{rel}","templated":true}]}}