{"id":9028,"date":"2026-03-17T18:11:09","date_gmt":"2026-03-17T18:11:09","guid":{"rendered":"https:\/\/www.newsrecorder.ro\/app\/2026\/03\/17\/cristian-chivu-suspendat-dupa-eliminarea-socanta-in-inter-atalanta\/"},"modified":"2026-03-17T18:11:09","modified_gmt":"2026-03-17T18:11:09","slug":"cristian-chivu-suspendat-dupa-eliminarea-socanta-in-inter-atalanta","status":"publish","type":"post","link":"https:\/\/www.newsrecorder.ro\/app\/2026\/03\/17\/cristian-chivu-suspendat-dupa-eliminarea-socanta-in-inter-atalanta\/","title":{"rendered":"Cristian Chivu, suspendat dup\u0103 eliminarea \u0219ocant\u0103 \u00een Inter \u2013 Atalanta!"},"content":{"rendered":"<p>Incidentul care a dus la eliminarea lui Cristian Chivu a avut loc \u00een minutul 83 al meciului, atunci c\u00e2nd Atalanta a reu\u0219it s\u0103 marcheze. Gazdele au ridicat o obiec\u021bie, sus\u021bin\u00e2nd c\u0103 ar fi fost un fault \u00een atac.<\/p>\n<p>Nemul\u021bumit de decizia arbitral\u0103, Chivu a p\u0103truns pe teren pentru a-\u0219i exprima dezacordul, primind astfel un avertisment. Dup\u0103 ce VAR a confirmat validitatea golului, antrenorul rom\u00e2n a continuat s\u0103 conteste decizia, iar arbitrul Gianluca Manganiello i-a ar\u0103tat cartona\u0219ul ro\u0219u.<\/p>\n<p>Reprezentan\u021bii clubului Inter au solicitat o interven\u021bie a arbitrajului, invoc\u00e2nd un posibil fault comis de Sulemana asupra lui Dumfries, \u00eenainte de golul marcat de Krstovic. Ace\u0219tia sus\u021bin c\u0103 juc\u0103torul milanez a fost \u00eempins \u00een marginea careului, ceea ce ar fi putut influen\u021ba desf\u0103\u0219urarea jocului.<\/p>\n<p>De asemenea, \u00een acea partid\u0103, echipa lui Chivu a contestat \u0219i o alt\u0103 decizie a lui Manganiello, dup\u0103 eliminarea antrenorului. \u00centr-un moment ulterior, Giorgio Scalvini l-a lovit pe Davide Frattesi \u00een picior, \u00een interiorul careului Atalantei. Cu toate acestea, arbitrul nu a observat contactul, iar VAR a decis c\u0103 nu este necesar\u0103 revizuirea fazei.<\/p>\n<p>Aceast\u0103 eliminare reprezint\u0103 prima pentru Chivu de c\u00e2nd a preluat conducerea echipei Inter. Ultima sa eliminare avusese loc \u00een mai 2025, \u00een calitate de antrenor al Parmei, dup\u0103 un meci cu Napoli, \u00eencheiat la egalitate (0-0) pe stadionul \u201eEnnio Tardini\u201d, \u00een penultima etap\u0103 a sezonului precedent.<\/p>\n<p>Conform deciziei Ligii italiene, Cristian Chivu va fi lipsit de pe banc\u0103 la meciul cu Fiorentina, programat pe 22 martie, de la ora 21:45. \u00cen absen\u021ba sa, echipa va fi condus\u0103 de secundul Aleksandar Kolarov.<\/p>\n","protected":false},"excerpt":{"rendered":"<p>Incidentul care a dus la eliminarea lui Cristian Chivu a avut loc \u00een minutul 83 al meciului, atunci c\u00e2nd Atalanta a reu\u0219it s\u0103 marcheze. Gazdele au ridicat o obiec\u021bie, sus\u021bin\u00e2nd c\u0103 ar fi fost un fault \u00een atac. Nemul\u021bumit de decizia arbitral\u0103, Chivu a p\u0103truns pe teren pentru a-\u0219i exprima dezacordul, primind astfel un avertisment. [&hellip;]<\/p>\n","protected":false},"author":6,"featured_media":9029,"comment_status":"open","ping_status":"open","sticky":false,"template":"","format":"standard","meta":{"jnews-multi-image_gallery":[],"jnews_single_post":[],"jnews_primary_category":[],"jnews_override_counter":[],"footnotes":""},"categories":[46],"tags":[1240,8001,1770,835,11399,1415,57,1245],"class_list":["post-9028","post","type-post","status-publish","format-standard","has-post-thumbnail","hentry","category-sport","tag-arbitraj","tag-atalanta","tag-cartonas-rosu","tag-cristian-chivu","tag-fault","tag-inter","tag-meci","tag-var"],"_links":{"self":[{"href":"https:\/\/www.newsrecorder.ro\/app\/wp-json\/wp\/v2\/posts\/9028","targetHints":{"allow":["GET"]}}],"collection":[{"href":"https:\/\/www.newsrecorder.ro\/app\/wp-json\/wp\/v2\/posts"}],"about":[{"href":"https:\/\/www.newsrecorder.ro\/app\/wp-json\/wp\/v2\/types\/post"}],"author":[{"embeddable":true,"href":"https:\/\/www.newsrecorder.ro\/app\/wp-json\/wp\/v2\/users\/6"}],"replies":[{"embeddable":true,"href":"https:\/\/www.newsrecorder.ro\/app\/wp-json\/wp\/v2\/comments?post=9028"}],"version-history":[{"count":0,"href":"https:\/\/www.newsrecorder.ro\/app\/wp-json\/wp\/v2\/posts\/9028\/revisions"}],"wp:featuredmedia":[{"embeddable":true,"href":"https:\/\/www.newsrecorder.ro\/app\/wp-json\/wp\/v2\/media\/9029"}],"wp:attachment":[{"href":"https:\/\/www.newsrecorder.ro\/app\/wp-json\/wp\/v2\/media?parent=9028"}],"wp:term":[{"taxonomy":"category","embeddable":true,"href":"https:\/\/www.newsrecorder.ro\/app\/wp-json\/wp\/v2\/categories?post=9028"},{"taxonomy":"post_tag","embeddable":true,"href":"https:\/\/www.newsrecorder.ro\/app\/wp-json\/wp\/v2\/tags?post=9028"}],"curies":[{"name":"wp","href":"https:\/\/api.w.org\/{rel}","templated":true}]}}