{"id":903,"date":"2026-01-30T17:19:17","date_gmt":"2026-01-30T17:19:17","guid":{"rendered":"https:\/\/www.newsrecorder.ro\/app\/2026\/01\/30\/anm-patru-saptamani-de-vreme-neobisnuita-pana-in-martie\/"},"modified":"2026-01-30T17:19:17","modified_gmt":"2026-01-30T17:19:17","slug":"anm-patru-saptamani-de-vreme-neobisnuita-pana-in-martie","status":"publish","type":"post","link":"https:\/\/www.newsrecorder.ro\/app\/2026\/01\/30\/anm-patru-saptamani-de-vreme-neobisnuita-pana-in-martie\/","title":{"rendered":"ANM: Patru s\u0103pt\u0103m\u00e2ni de vreme neobi\u0219nuit\u0103 p\u00e2n\u0103 \u00een martie!"},"content":{"rendered":"<p>S\u0103pt\u0103m\u00e2na 2 &#8211; 9 februarie<\/p>\n<p>\u00cen aceast\u0103 s\u0103pt\u0103m\u00e2n\u0103, valorile termice se vor men\u021bine peste cele obi\u0219nuite \u00een regiunile vestice, nord-vestice, centrale \u0219i \u00een unele zone sudice. Totu\u0219i, \u00een extremitatea de nord-est a \u021b\u0103rii, temperaturile vor fi mai sc\u0103zute, iar \u00een restul teritoriului se vor \u00eencadra \u00een limitele normale.<\/p>\n<p>Regimul pluviometric va prezenta un deficit localizat \u00een zonele montane, \u00een timp ce \u00een celelalte regiuni ale \u021b\u0103rii se va apropia de valorile normale pentru acest interval.<\/p>\n<p>S\u0103pt\u0103m\u00e2na 9 &#8211; 16 februarie<\/p>\n<p>\u00cen aceast\u0103 s\u0103pt\u0103m\u00e2n\u0103, se preconizeaz\u0103 c\u0103 temperaturile medii vor dep\u0103\u0219i valorile normale \u00een majoritatea regiunilor. De asemenea, cantit\u0103\u021bile de precipita\u021bii vor fi excesive la nivelul \u00eentregii \u021b\u0103ri, cu un accent deosebit pe regiunile sudice.<\/p>\n<p>S\u0103pt\u0103m\u00e2na 16 &#8211; 23 februarie<\/p>\n<p>Temperatura medie a aerului va fi mai ridicat\u0103 dec\u00e2t \u00een mod obi\u0219nuit \u00een cea mai mare parte a \u021b\u0103rii. De asemenea, regimul pluviometric estimat pentru aceast\u0103 perioad\u0103 va fi u\u0219or excedentar \u00een toate regiunile.<\/p>\n<p>S\u0103pt\u0103m\u00e2na 23 februarie &#8211; 2 martie<\/p>\n<p>Mediile valorilor termice se vor situa u\u0219or peste cele specifice pentru aceast\u0103 s\u0103pt\u0103m\u00e2n\u0103, acoperind \u00eentreg teritoriul Rom\u00e2niei. Cantit\u0103\u021bile de precipita\u021bii vor fi apropiate de cele normale pentru aceast\u0103 perioad\u0103, \u00een majoritatea regiunilor.<\/p>\n","protected":false},"excerpt":{"rendered":"<p>S\u0103pt\u0103m\u00e2na 2 &#8211; 9 februarie \u00cen aceast\u0103 s\u0103pt\u0103m\u00e2n\u0103, valorile termice se vor men\u021bine peste cele obi\u0219nuite \u00een regiunile vestice, nord-vestice, centrale \u0219i \u00een unele zone sudice. Totu\u0219i, \u00een extremitatea de nord-est a \u021b\u0103rii, temperaturile vor fi mai sc\u0103zute, iar \u00een restul teritoriului se vor \u00eencadra \u00een limitele normale. Regimul pluviometric va prezenta un deficit localizat [&hellip;]<\/p>\n","protected":false},"author":5,"featured_media":904,"comment_status":"open","ping_status":"open","sticky":false,"template":"","format":"standard","meta":{"jnews-multi-image_gallery":[],"jnews_single_post":[],"jnews_primary_category":[],"jnews_override_counter":[],"footnotes":""},"categories":[45],"tags":[1601,1454,1602,135,1600,126,125,1603],"class_list":["post-903","post","type-post","status-publish","format-standard","has-post-thumbnail","hentry","category-meteo","tag-deficit-pluviometric","tag-februarie","tag-medii-termice","tag-precipitatii","tag-regiunile-vestice","tag-temperaturi","tag-vreme","tag-vreme-anormala"],"_links":{"self":[{"href":"https:\/\/www.newsrecorder.ro\/app\/wp-json\/wp\/v2\/posts\/903","targetHints":{"allow":["GET"]}}],"collection":[{"href":"https:\/\/www.newsrecorder.ro\/app\/wp-json\/wp\/v2\/posts"}],"about":[{"href":"https:\/\/www.newsrecorder.ro\/app\/wp-json\/wp\/v2\/types\/post"}],"author":[{"embeddable":true,"href":"https:\/\/www.newsrecorder.ro\/app\/wp-json\/wp\/v2\/users\/5"}],"replies":[{"embeddable":true,"href":"https:\/\/www.newsrecorder.ro\/app\/wp-json\/wp\/v2\/comments?post=903"}],"version-history":[{"count":0,"href":"https:\/\/www.newsrecorder.ro\/app\/wp-json\/wp\/v2\/posts\/903\/revisions"}],"wp:featuredmedia":[{"embeddable":true,"href":"https:\/\/www.newsrecorder.ro\/app\/wp-json\/wp\/v2\/media\/904"}],"wp:attachment":[{"href":"https:\/\/www.newsrecorder.ro\/app\/wp-json\/wp\/v2\/media?parent=903"}],"wp:term":[{"taxonomy":"category","embeddable":true,"href":"https:\/\/www.newsrecorder.ro\/app\/wp-json\/wp\/v2\/categories?post=903"},{"taxonomy":"post_tag","embeddable":true,"href":"https:\/\/www.newsrecorder.ro\/app\/wp-json\/wp\/v2\/tags?post=903"}],"curies":[{"name":"wp","href":"https:\/\/api.w.org\/{rel}","templated":true}]}}