{"id":9038,"date":"2026-03-17T18:12:39","date_gmt":"2026-03-17T18:12:39","guid":{"rendered":"https:\/\/www.newsrecorder.ro\/app\/2026\/03\/17\/bogdan-andone-antrenorul-etapei-in-superliga-fc-arges-straluceste\/"},"modified":"2026-03-17T18:12:39","modified_gmt":"2026-03-17T18:12:39","slug":"bogdan-andone-antrenorul-etapei-in-superliga-fc-arges-straluceste","status":"publish","type":"post","link":"https:\/\/www.newsrecorder.ro\/app\/2026\/03\/17\/bogdan-andone-antrenorul-etapei-in-superliga-fc-arges-straluceste\/","title":{"rendered":"Bogdan Andone, antrenorul etapei \u00een Superliga: FC Arge\u0219 str\u0103luce\u0219te!"},"content":{"rendered":"<p>Liga Profesionist\u0103 de Fotbal a dezv\u0103luit mar\u021bi echipa ideal\u0103 a primei etape din play-off \u0219i play-out, aduc\u00e2nd \u00een aten\u021bia fanilor performan\u021bele remarcabile ale juc\u0103torilor din campionat.<\/p>\n<p><strong>Portar:<\/strong><br \/>\nGeorge Gavrila\u0219 (FC Metaloglobus Bucure\u0219ti) \u2013 A avut o presta\u021bie de excep\u021bie, realiz\u00e2nd interven\u021bii importante care au contribuit decisiv la ob\u021binerea punctului de pe terenul de\u021bin\u0103toarei titlului.<\/p>\n<p><strong>Funda\u0219i:<\/strong><br \/>\nDavid Maftei (Farul Constan\u021ba) \u2013 T\u00e2n\u0103rul funda\u0219 a demonstrat o adaptare excelent\u0103 la cerin\u021bele antrenorului, juc\u00e2nd un rol cheie \u00een ap\u0103rare.<br \/>\nGuilherme Garutti (FC Arge\u0219) \u2013 A avut o evolu\u021bie str\u0103lucitoare \u00een centrul defensivei, fiind remarcabil \u0219i \u00een duelurile aeriene.<br \/>\nOmar Pasagic (FC Metaloglobus Bucure\u0219ti) \u2013 Funda\u0219ul echipei nou-promovate s-a impus \u00een confrunt\u0103rile directe cu adversarii.<br \/>\nAlin Chinte\u0219 (Universitatea Cluj) \u2013 Surprinz\u0103tor titularizat \u00een derby-ul clujean, t\u00e2n\u0103rul juc\u0103tor crescut \u00een curtea \u201e\u0219epcilor ro\u0219ii\u201d a avut o presta\u021bie curajoas\u0103 \u0219i inspirat\u0103.<\/p>\n<p><strong>Mijloca\u0219i:<\/strong><br \/>\nAlin Roman (UTA Arad) \u2013 A continuat seria de meciuri excelente, reu\u0219ind un gol \u0219i o pas\u0103 decisiv\u0103.<br \/>\nConstantin Grameni (FC Rapid) \u2013 Sezonul s\u0103u este unul deosebit, ajung\u00e2nd la patru goluri \u0219i trei pase decisive p\u00e2n\u0103 acum.<br \/>\nClaudiu Petrila (FC Rapid) \u2013 Cu o pas\u0103 decisiv\u0103 \u0219i un gol superb, a contribuit la ascensiunea Rapidului pe prima pozi\u021bie a clasamentului!<\/p>\n<p><strong>Atacan\u021bi:<\/strong><br \/>\nAdel Bettaieb (FC Arge\u0219) \u2013 A str\u0103lucit printr-o execu\u021bie de clas\u0103, marc\u00e2nd al nou\u0103lea gol din aceast\u0103 edi\u021bie de campionat.<br \/>\nAlexandru I\u0219fan (Farul Constan\u021ba) \u2013 Juc\u0103torul dobrogenilor a avut o contribu\u021bie semnificativ\u0103, reu\u0219ind un gol \u0219i o pas\u0103 decisiv\u0103.<br \/>\nOucasse Mendy (Universitatea Cluj) \u2013 A fost eroul derby-ului de pe Cluj Arena, oferind o pas\u0103 pentru golul egalizator \u0219i marc\u00e2nd apoi \u00een finalul meciului, asigur\u00e2ndu-le studen\u021bilor ardeleni o victorie important\u0103, care le \u00eent\u0103re\u0219te visele la titlu.<\/p>\n<p><strong>Antrenorul etapei:<\/strong><br \/>\nBogdan Andone (FC Arge\u0219) \u2013 A realizat o strategie perfect\u0103, iar echipa sa a blocat eficient principalele calit\u0103\u021bi ale adversarilor, ob\u021bin\u00e2nd un nou meci de nota 10.<\/p>\n<p>\u00cen urma victoriei ob\u021binute vineri, cu 1-0 \u00een deplasare \u00eempotriva Universit\u0103\u021bii Craiova, FC Arge\u0219 ocup\u0103 acum locul 4 \u00een clasamentul play-off-ului, subliniind astfel forma bun\u0103 a echipei.<\/p>\n","protected":false},"excerpt":{"rendered":"<p>Liga Profesionist\u0103 de Fotbal a dezv\u0103luit mar\u021bi echipa ideal\u0103 a primei etape din play-off \u0219i play-out, aduc\u00e2nd \u00een aten\u021bia fanilor performan\u021bele remarcabile ale juc\u0103torilor din campionat. Portar: George Gavrila\u0219 (FC Metaloglobus Bucure\u0219ti) \u2013 A avut o presta\u021bie de excep\u021bie, realiz\u00e2nd interven\u021bii importante care au contribuit decisiv la ob\u021binerea punctului de pe terenul de\u021bin\u0103toarei titlului. Funda\u0219i: [&hellip;]<\/p>\n","protected":false},"author":6,"featured_media":9039,"comment_status":"open","ping_status":"open","sticky":false,"template":"","format":"standard","meta":{"jnews-multi-image_gallery":[],"jnews_single_post":[],"jnews_primary_category":[],"jnews_override_counter":[],"footnotes":""},"categories":[46],"tags":[727,1451,11864,724,1255,1545,2753,10021],"class_list":["post-9038","post","type-post","status-publish","format-standard","has-post-thumbnail","hentry","category-sport","tag-campionat","tag-echipa-ideala","tag-fundasi","tag-jucatori","tag-liga-profesionista-de-fotbal","tag-performante","tag-play-off","tag-play-out"],"_links":{"self":[{"href":"https:\/\/www.newsrecorder.ro\/app\/wp-json\/wp\/v2\/posts\/9038","targetHints":{"allow":["GET"]}}],"collection":[{"href":"https:\/\/www.newsrecorder.ro\/app\/wp-json\/wp\/v2\/posts"}],"about":[{"href":"https:\/\/www.newsrecorder.ro\/app\/wp-json\/wp\/v2\/types\/post"}],"author":[{"embeddable":true,"href":"https:\/\/www.newsrecorder.ro\/app\/wp-json\/wp\/v2\/users\/6"}],"replies":[{"embeddable":true,"href":"https:\/\/www.newsrecorder.ro\/app\/wp-json\/wp\/v2\/comments?post=9038"}],"version-history":[{"count":0,"href":"https:\/\/www.newsrecorder.ro\/app\/wp-json\/wp\/v2\/posts\/9038\/revisions"}],"wp:featuredmedia":[{"embeddable":true,"href":"https:\/\/www.newsrecorder.ro\/app\/wp-json\/wp\/v2\/media\/9039"}],"wp:attachment":[{"href":"https:\/\/www.newsrecorder.ro\/app\/wp-json\/wp\/v2\/media?parent=9038"}],"wp:term":[{"taxonomy":"category","embeddable":true,"href":"https:\/\/www.newsrecorder.ro\/app\/wp-json\/wp\/v2\/categories?post=9038"},{"taxonomy":"post_tag","embeddable":true,"href":"https:\/\/www.newsrecorder.ro\/app\/wp-json\/wp\/v2\/tags?post=9038"}],"curies":[{"name":"wp","href":"https:\/\/api.w.org\/{rel}","templated":true}]}}