{"id":9048,"date":"2026-03-17T20:12:32","date_gmt":"2026-03-17T20:12:32","guid":{"rendered":"https:\/\/www.newsrecorder.ro\/app\/2026\/03\/17\/razboiul-din-orientul-mijlociu-pertes-notabile-si-escaladarea-conflictului\/"},"modified":"2026-03-17T20:12:32","modified_gmt":"2026-03-17T20:12:32","slug":"razboiul-din-orientul-mijlociu-pertes-notabile-si-escaladarea-conflictului","status":"publish","type":"post","link":"https:\/\/www.newsrecorder.ro\/app\/2026\/03\/17\/razboiul-din-orientul-mijlociu-pertes-notabile-si-escaladarea-conflictului\/","title":{"rendered":"R\u0103zboiul din Orientul Mijlociu: Pertes notabile \u0219i escaladarea conflictului"},"content":{"rendered":"<p>Recent, presa de stat din Iran a anun\u021bat moartea lui Gholamreza Soleimani, comandantul Basij, ceea ce \u00eel face cel mai recent oficial de rang \u00eenalt ucis \u00een contextul r\u0103zboiului. De asemenea, Israelul a sus\u021binut c\u0103 l-a eliminat pe Ali Larijani, un important lider al securit\u0103\u021bii iraniene, de\u0219i aceast\u0103 informa\u021bie nu a fost confirmat\u0103 de autorit\u0103\u021bile iraniene.<\/p>\n<p>Mai jos sunt enumera\u021bi al\u021bi oficiali iranieni de rang \u00eenalt care au fost uci\u0219i \u00een conflictul actual, conform <a href=\"https:\/\/news.sky.com\/story\/iran-war-latest-trump-tehran-israel-strikes-us-drone-live-sky-news-13509565\" target=\"_blank\" rel=\"noopener\">Sky News<\/a>:<\/p>\n<ul>\n<li><strong>Ayatollahul Ali Khamenei<\/strong> \u2013 liderul suprem al Iranului din 1989, ucis \u00een atacuri surpriz\u0103 americane \u0219i israeliene care au declan\u0219at r\u0103zboiul;<\/li>\n<li><strong>Ali Shamkhani<\/strong> \u2013 secretarul consiliului de securitate iranian, consilier de top al lui Khamenei, ucis \u00een atacuri americano-israeliene;<\/li>\n<li><strong>Mohammad Pakpour<\/strong> \u2013 comandantul G\u0103rzii Revolu\u021bionare din Iran, implicat \u00een reprimarea recent\u0103 a protestelor;<\/li>\n<li><strong>Aziz Nasirzadeh<\/strong> \u2013 ministrul ap\u0103r\u0103rii iranian, care a amenin\u021bat cu represalii asupra bazelor americane din Orientul Mijlociu;<\/li>\n<li><strong>Mohammad Shirazi<\/strong> \u2013 \u0219eful biroului militar din 1989, responsabil de leg\u0103tura dintre Khamenei \u0219i comandan\u021bii for\u021belor armate;<\/li>\n<li><strong>Abdol Rahim Mousavi<\/strong> \u2013 \u0219eful Statului Major al for\u021belor armate, succesorul lui Mohammad Bagheri, ucis de Israel \u00een r\u0103zboiul de anul trecut.<\/li>\n<\/ul>\n<p>Conform <strong><a style=\"color: #ff0000\" href=\"https:\/\/news.sky.com\/story\/iran-war-latest-trump-tehran-israel-strikes-us-drone-live-sky-news-13509565\" target=\"_blank\" rel=\"noopener\">Sky News<\/a><\/strong>, Gholamreza Soleimani, care a condus for\u021ba paramilitar\u0103 Basij timp de \u0219ase ani, a fost descris de armata israelian\u0103 ca un &#8222;instrument principal&#8221; al represiunii \u00een Iran. De\u0219i Israelul a confirmat moartea sa, Iranul nu a emis o declara\u021bie oficial\u0103 \u00een acest sens.<\/p>\n<p>\u00centr-o analiz\u0103 publicat\u0103 de <strong><a style=\"color: #ff0000\" href=\"https:\/\/www.mediafax.ro\/stirile-zilei\/nytimes-eliminarea-lui-ali-larijani-inlatura-vocea-proeminenta-a-sfidarii-in-iran-23704861\" target=\"_blank\" rel=\"noopener\">The New York Times<\/a><\/strong>, se men\u021bioneaz\u0103 c\u0103 uciderea lui Ali Larijani, o figur\u0103 proeminent\u0103 \u00een ierarhia de conducere a Iranului, ar putea sl\u0103bi \u0219i mai mult structura de putere a regimului de la Teheran.<\/p>\n<p>\u00cen alt\u0103 ordine de idei, pre\u0219edintele american, <strong><a style=\"color: #ff0000\" href=\"https:\/\/www.mediafax.ro\/stirile-zilei\/donald-trump-s-a-suparat-pe-nato-pentru-ca-nu-il-ajuta-pentru-deblocarea-stramtorii-ormuz-nu-mai-dorim-asistenta-tarilor-nato-nu-avem-nevoie-de-ajutorul-nimanui-23704840\" target=\"_blank\" rel=\"noopener\">Donald Trump<\/a><\/strong>, a criticat NATO pentru lipsa de sprijin \u00een eforturile sale de a debloca Str\u00e2mtoarea Ormuz, afirm\u00e2nd c\u0103 nu mai are nevoie de asisten\u021ba Alian\u021bei. De asemenea, pre\u0219edintele Fran\u021bei, Emmanuel Macron, a declarat c\u0103 Fran\u021ba nu va participa la opera\u021biunile de deblocare a str\u00e2mtorii, ci doar la escortarea navelor dup\u0103 ce tensiunile se vor reduce.<\/p>\n<p>Premierul polonez, <strong><a style=\"color: #ff0000\" href=\"https:\/\/www.mediafax.ro\/stirile-zilei\/donald-tusk-anunta-ca-polonia-nu-va-trimite-trupe-in-iran-23704775\" target=\"_blank\" rel=\"noopener\">Donald Tusk<\/a><\/strong>, a declarat c\u0103 Polonia nu va trimite trupe \u00een Iran, argument\u00e2nd c\u0103 conflictul din Orientul Mijlociu nu reprezint\u0103 o amenin\u021bare direct\u0103 pentru securitatea na\u021bional\u0103.<\/p>\n<p>Regimul iranian a anun\u021bat o cre\u0219tere cu 60% a salariului minim, \u00een contextul unei infla\u021bii record \u0219i al r\u0103zboiului continuu, la doar dou\u0103 luni dup\u0103 protestele violente \u00een care au murit mii de cet\u0103\u021beni.<\/p>\n<p>\u00centr-o declara\u021bie recent\u0103, <strong><a style=\"color: #ff0000\" href=\"https:\/\/www.mediafax.ro\/stirile-zilei\/kaja-kallas-cere-oprirea-razboiului-din-orient-si-propune-solutii-pentru-reluarea-tranzitului-maritim-prin-stramtoarea-ormuz-23704725\" target=\"_blank\" rel=\"noopener\">Kaja Kallas<\/a><\/strong>, \u00cenaltul Reprezentant al Uniunii pentru Afaceri Externe, a cerut oprirea r\u0103zboiului din Orient \u0219i a propus un acord mediat de ONU pentru redeschiderea Str\u00e2mtorii Ormuz.<\/p>\n<p>\u00cen ceea ce prive\u0219te tensiunile din regiune, autorit\u0103\u021bile iraniene au confiscat sute de dispozitive Starlink, acuz\u00e2nd SUA \u0219i Israel de contraband\u0103. Iranul a declarat c\u0103 aceste echipamente au fost folosite \u00een scopuri ostile, inclusiv pentru comunica\u021bii neautorizate.<\/p>\n<p>Totodat\u0103, Ministerul Ap\u0103r\u0103rii din Emiratele Arabe Unite a anun\u021bat interceptarea a 10 rachete balistice \u0219i 45 de drone lansate de Iran, subliniind intensificarea conflictului din zon\u0103.<\/p>\n<p>Iranul a confirmat c\u0103 a vizat centrele de tehnologie cibernetic\u0103 \u0219i facilit\u0103\u021bi de produc\u021bie de armament ale Israelului, iar armata israelian\u0103 a declarat c\u0103 a efectuat atacuri asupra ora\u0219elor Teheran \u0219i Shiraz, viz\u00e2nd centrele de comand\u0103 ale for\u021belor de securitate.<\/p>\n<p>\u00centr-o alt\u0103 dezvoltare, un \u00eenalt oficial iranian a dezv\u0103luit c\u0103 liderul suprem Mojtaba Khamenei a refuzat dou\u0103 propuneri de armisti\u021biu cu SUA, ceea ce sugereaz\u0103 c\u0103 tensiunile din regiune sunt departe de a se diminua.<\/p>\n<p>\u00cen concluzie, tensiunile din Orientul Mijlociu continu\u0103 s\u0103 escaladeze, iar reac\u021biile interna\u021bionale se diversific\u0103, cu fiecare putere global\u0103 av\u00e2nd propriile strategii \u0219i pozi\u021bii \u00een fa\u021ba conflictului din Iran.<\/p>\n","protected":false},"excerpt":{"rendered":"<p>Recent, presa de stat din Iran a anun\u021bat moartea lui Gholamreza Soleimani, comandantul Basij, ceea ce \u00eel face cel mai recent oficial de rang \u00eenalt ucis \u00een contextul r\u0103zboiului. De asemenea, Israelul a sus\u021binut c\u0103 l-a eliminat pe Ali Larijani, un important lider al securit\u0103\u021bii iraniene, de\u0219i aceast\u0103 informa\u021bie nu a fost confirmat\u0103 de autorit\u0103\u021bile [&hellip;]<\/p>\n","protected":false},"author":2,"featured_media":9049,"comment_status":"open","ping_status":"open","sticky":false,"template":"","format":"standard","meta":{"jnews-multi-image_gallery":[],"jnews_single_post":[],"jnews_primary_category":[],"jnews_override_counter":[],"footnotes":""},"categories":[41],"tags":[2068,11874,1084,8892,684,11873,913,11875],"class_list":["post-9048","post","type-post","status-publish","format-standard","has-post-thumbnail","hentry","category-externe","tag-ali-larijani","tag-ali-shamkhani","tag-atacuri","tag-ayatollah-ali-khamenei","tag-conflict","tag-gholamreza-soleimani","tag-iran","tag-mohammad-pakpour"],"_links":{"self":[{"href":"https:\/\/www.newsrecorder.ro\/app\/wp-json\/wp\/v2\/posts\/9048","targetHints":{"allow":["GET"]}}],"collection":[{"href":"https:\/\/www.newsrecorder.ro\/app\/wp-json\/wp\/v2\/posts"}],"about":[{"href":"https:\/\/www.newsrecorder.ro\/app\/wp-json\/wp\/v2\/types\/post"}],"author":[{"embeddable":true,"href":"https:\/\/www.newsrecorder.ro\/app\/wp-json\/wp\/v2\/users\/2"}],"replies":[{"embeddable":true,"href":"https:\/\/www.newsrecorder.ro\/app\/wp-json\/wp\/v2\/comments?post=9048"}],"version-history":[{"count":0,"href":"https:\/\/www.newsrecorder.ro\/app\/wp-json\/wp\/v2\/posts\/9048\/revisions"}],"wp:featuredmedia":[{"embeddable":true,"href":"https:\/\/www.newsrecorder.ro\/app\/wp-json\/wp\/v2\/media\/9049"}],"wp:attachment":[{"href":"https:\/\/www.newsrecorder.ro\/app\/wp-json\/wp\/v2\/media?parent=9048"}],"wp:term":[{"taxonomy":"category","embeddable":true,"href":"https:\/\/www.newsrecorder.ro\/app\/wp-json\/wp\/v2\/categories?post=9048"},{"taxonomy":"post_tag","embeddable":true,"href":"https:\/\/www.newsrecorder.ro\/app\/wp-json\/wp\/v2\/tags?post=9048"}],"curies":[{"name":"wp","href":"https:\/\/api.w.org\/{rel}","templated":true}]}}