{"id":9062,"date":"2026-03-17T20:15:18","date_gmt":"2026-03-17T20:15:18","guid":{"rendered":"https:\/\/www.newsrecorder.ro\/app\/2026\/03\/17\/ali-larijani-vocea-provocatoare-a-iranului-eliminata-din-joc\/"},"modified":"2026-03-17T20:15:18","modified_gmt":"2026-03-17T20:15:18","slug":"ali-larijani-vocea-provocatoare-a-iranului-eliminata-din-joc","status":"publish","type":"post","link":"https:\/\/www.newsrecorder.ro\/app\/2026\/03\/17\/ali-larijani-vocea-provocatoare-a-iranului-eliminata-din-joc\/","title":{"rendered":"Ali Larijani, vocea provocatoare a Iranului, eliminat\u0103 din joc!"},"content":{"rendered":"<p>Mar\u021bi, Armata israelian\u0103 a anun\u021bat o lovitur\u0103 semnificativ\u0103 \u00eempotriva conducerii iraniene, confirm\u00e2nd c\u0103 l-a ucis pe Ali Larijani, unul dintre cei mai importan\u021bi lideri ai Iranului, \u00eentr-un atac aerian desf\u0103\u0219urat \u00een apropierea Teheranului. Acest incident vine \u00eentr-un context \u00een care structura de putere a Iranului a fost deja grav afectat\u0103 \u00een urma a trei s\u0103pt\u0103m\u00e2ni de atacuri coordonate \u00eentre Statele Unite \u0219i Israel.<\/p>\n<p>Ali Larijani, cunoscut drept \u0219ef al Consiliului Suprem de Securitate Na\u021bional\u0103 al Iranului, a devenit liderul de facto al \u021b\u0103rii dup\u0103 ce atacurile aeriene au eliminat numero\u0219i oficiali de v\u00e2rf din guvernul \u0219i armata iranian\u0103.<\/p>\n<p>\u00cen aceea\u0219i zi, armata israelian\u0103 a anun\u021bat \u0219i moartea lui Gholamreza Soleimani, liderul Basij, o influent\u0103 mili\u021bie civil\u0103 din Iran. De\u0219i autorit\u0103\u021bile iraniene \u0219i presa de stat nu au oferit comentarii oficiale cu privire la aceste anun\u021buri, doi oficiali iranieni, care au dorit s\u0103 r\u0103m\u00e2n\u0103 anonimi, au confirmat c\u0103 Larijani \u0219i Soleimani au fost, \u00eentr-adev\u0103r, uci\u0219i.<\/p>\n<p>Potrivit <strong><a style=\"color: #ff0000\" href=\"https:\/\/www.nytimes.com\/live\/2026\/03\/17\/world\/iran-war-trump-oil-lebanon\">The New York Times<\/a><\/strong>, uciderea lui Larijani reprezint\u0103 o pierdere considerabil\u0103 pentru Iran, deoarece el era una dintre cele mai proeminente voci care contestau influen\u021ba extern\u0103 asupra \u021b\u0103rii. Larijani era perceput ca un pragmatist cu poten\u021bialul de a negocia cu Statele Unite.<\/p>\n<p>Moartea sa ar putea stimula, de asemenea, liderii iranieni mai radicali, care cred c\u0103 singura cale de supravie\u021buire a republicii islamice este prin \u00eent\u0103rirea pozi\u021biei lor \u0219i intensificarea eforturilor de ap\u0103rare.<\/p>\n<p>Ali Larijani a fost un apropiat al ayatollahului Ali Khamenei, liderul suprem al Iranului, care a fost ucis \u00eentr-un atac aerian israelian pe 28 februarie, la \u00eenceputul conflictului. \u00cen ultimele luni, Larijani a avut un rol esen\u021bial \u00een conducerea Iranului din umbr\u0103, coordon\u00e2nd brutalitatea reprim\u0103rii protestelor \u00eempotriva regimului care au avut loc \u00een acest an.<\/p>\n<p>De asemenea, el a jucat un rol important \u00een procesul decizional \u00een timpul r\u0103zboiului, inclusiv dup\u0103 numirea lui Mojtaba Khamenei ca lider suprem. Larijani s-a opus acestei alegeri, pled\u00e2nd pentru o op\u021biune mai moderat\u0103.<\/p>\n<p>Moartea lui Ali Larijani ridic\u0103 \u00eentreb\u0103ri serioase privind strategia pre\u0219edintelui Trump \u00een acest r\u0103zboi. Acesta nu a clarificat niciodat\u0103 scopurile exacte ale ac\u021biunilor sale \u0219i nu a oferit detalii despre cum s-ar putea \u00eencheia atacurile asupra Iranului, recunosc\u00e2nd c\u0103 mul\u021bi dintre oficialii iranieni cu care Statele Unite ar fi putut negocia au fost deja elimina\u021bi.<\/p>\n<p>\u201eNici m\u0103car nu le cunoa\u0219tem liderii\u201d, a declarat Trump luni, ad\u0103ug\u00e2nd c\u0103 \u201eavem oameni care doresc s\u0103 negocieze\u201d, dar c\u0103 \u201enu avem nicio idee cine sunt\u201d.<\/p>\n","protected":false},"excerpt":{"rendered":"<p>Mar\u021bi, Armata israelian\u0103 a anun\u021bat o lovitur\u0103 semnificativ\u0103 \u00eempotriva conducerii iraniene, confirm\u00e2nd c\u0103 l-a ucis pe Ali Larijani, unul dintre cei mai importan\u021bi lideri ai Iranului, \u00eentr-un atac aerian desf\u0103\u0219urat \u00een apropierea Teheranului. Acest incident vine \u00eentr-un context \u00een care structura de putere a Iranului a fost deja grav afectat\u0103 \u00een urma a trei s\u0103pt\u0103m\u00e2ni [&hellip;]<\/p>\n","protected":false},"author":2,"featured_media":9063,"comment_status":"open","ping_status":"open","sticky":false,"template":"","format":"standard","meta":{"jnews-multi-image_gallery":[],"jnews_single_post":[],"jnews_primary_category":[],"jnews_override_counter":[],"footnotes":""},"categories":[41],"tags":[2068,2182,11873,913,268,11881,3471,416],"class_list":["post-9062","post","type-post","status-publish","format-standard","has-post-thumbnail","hentry","category-externe","tag-ali-larijani","tag-atac-aerian","tag-gholamreza-soleimani","tag-iran","tag-israel","tag-militie-civila","tag-putere","tag-securitate-nationala"],"_links":{"self":[{"href":"https:\/\/www.newsrecorder.ro\/app\/wp-json\/wp\/v2\/posts\/9062","targetHints":{"allow":["GET"]}}],"collection":[{"href":"https:\/\/www.newsrecorder.ro\/app\/wp-json\/wp\/v2\/posts"}],"about":[{"href":"https:\/\/www.newsrecorder.ro\/app\/wp-json\/wp\/v2\/types\/post"}],"author":[{"embeddable":true,"href":"https:\/\/www.newsrecorder.ro\/app\/wp-json\/wp\/v2\/users\/2"}],"replies":[{"embeddable":true,"href":"https:\/\/www.newsrecorder.ro\/app\/wp-json\/wp\/v2\/comments?post=9062"}],"version-history":[{"count":0,"href":"https:\/\/www.newsrecorder.ro\/app\/wp-json\/wp\/v2\/posts\/9062\/revisions"}],"wp:featuredmedia":[{"embeddable":true,"href":"https:\/\/www.newsrecorder.ro\/app\/wp-json\/wp\/v2\/media\/9063"}],"wp:attachment":[{"href":"https:\/\/www.newsrecorder.ro\/app\/wp-json\/wp\/v2\/media?parent=9062"}],"wp:term":[{"taxonomy":"category","embeddable":true,"href":"https:\/\/www.newsrecorder.ro\/app\/wp-json\/wp\/v2\/categories?post=9062"},{"taxonomy":"post_tag","embeddable":true,"href":"https:\/\/www.newsrecorder.ro\/app\/wp-json\/wp\/v2\/tags?post=9062"}],"curies":[{"name":"wp","href":"https:\/\/api.w.org\/{rel}","templated":true}]}}