{"id":9124,"date":"2026-03-17T22:44:37","date_gmt":"2026-03-17T22:44:37","guid":{"rendered":"https:\/\/www.newsrecorder.ro\/app\/2026\/03\/17\/romania-primeste-unda-verde-pentru-aderarea-la-ocde\/"},"modified":"2026-03-17T22:44:37","modified_gmt":"2026-03-17T22:44:37","slug":"romania-primeste-unda-verde-pentru-aderarea-la-ocde","status":"publish","type":"post","link":"https:\/\/www.newsrecorder.ro\/app\/2026\/03\/17\/romania-primeste-unda-verde-pentru-aderarea-la-ocde\/","title":{"rendered":"Rom\u00e2nia prime\u0219te und\u0103 verde pentru aderarea la OCDE!"},"content":{"rendered":"<p>Conform unui comunicat emis de Ministerul Finan\u021belor, adoptarea Avizului Formal reprezint\u0103 o confirmare a faptului c\u0103 politicile \u0219i practicile Rom\u00e2niei sunt acum aliniate la cele mai bune standarde stabilite de OCDE \u00een domeniul dezvolt\u0103rii economice.<\/p>\n<p>Evaluarea realizat\u0103 s-a concentrat pe analiza Rom\u00e2niei \u00een raport cu principii-cheie esen\u021biale, cum ar fi: un cadru de politici macroeconomice solid, un sistem financiar s\u0103n\u0103tos, politici structurale compatibile cu o performan\u021b\u0103 economic\u0103 \u00eembun\u0103t\u0103\u021bit\u0103 \u0219i o economie eficient\u0103, sus\u021binut\u0103 de institu\u021bii puternice ce promoveaz\u0103 o cre\u0219tere sustenabil\u0103 \u0219i inclusiv\u0103.<\/p>\n<p>\u201eMinisterul Finan\u021belor a realizat progrese semnificative \u00een ultimele 8 luni \u00een procesul de aderare la OCDE, astfel \u00eenc\u00e2t ast\u0103zi avem aprobate toate cele 3 avize care sunt sub responsabilitatea ministerului. Ne propunem ca aderarea la OCDE s\u0103 fie un moment economic de referin\u021b\u0103 \u00een 2026, iar ob\u021binerea Avizului Formal de la EDRC confirm\u0103 c\u0103 ne afl\u0103m pe calea cea bun\u0103,\u201d a declarat Alexandru Nazare, ministrul Finan\u021belor.<\/p>\n<p>Beneficiile aduse de aceast\u0103 realizare sunt concrete, incluz\u00e2nd costuri de finan\u021bare mai mici, o \u00eencredere crescut\u0103 din partea investitorilor \u0219i un cadru economic mai previzibil.<\/p>\n<p>Comitetul de Analiz\u0103 Economic\u0103 \u0219i de Dezvoltare este unul dintre cele 25 de comitete sectoriale care se ocup\u0103 de evaluarea Rom\u00e2niei \u00een contextul procesului de aderare la OCDE.<\/p>\n<p>\u201eAderarea la OCDE se va concretiza anul acesta, \u00eens\u0103 nu ca un scop \u00een sine, ci ca un mijloc prin care Rom\u00e2nia va deveni o \u021bar\u0103 mai competitiv\u0103 \u0219i prosper\u0103,\u201d a afirmat premierul <a style=\"color: #0000ff\" href=\"https:\/\/www.mediafax.ro\/politic\/ilie-bolojan-la-lansarea-noii-editii-a-studiului-economic-al-ocde-pentru-romania-aderarea-la-ocde-va-deveni-o-realitate-anul-acesta-dar-nu-ca-un-obiectiv-in-sine-ci-ca-un-mijloc-23703744\" target=\"_blank\" rel=\"noopener\">Ilie Bolojan<\/a>, cu ocazia lans\u0103rii noii edi\u021bii a Studiului Economic al OCDE pentru Rom\u00e2nia.<\/p>\n","protected":false},"excerpt":{"rendered":"<p>Conform unui comunicat emis de Ministerul Finan\u021belor, adoptarea Avizului Formal reprezint\u0103 o confirmare a faptului c\u0103 politicile \u0219i practicile Rom\u00e2niei sunt acum aliniate la cele mai bune standarde stabilite de OCDE \u00een domeniul dezvolt\u0103rii economice. Evaluarea realizat\u0103 s-a concentrat pe analiza Rom\u00e2niei \u00een raport cu principii-cheie esen\u021biale, cum ar fi: un cadru de politici macroeconomice [&hellip;]<\/p>\n","protected":false},"author":4,"featured_media":9125,"comment_status":"open","ping_status":"open","sticky":false,"template":"","format":"standard","meta":{"jnews-multi-image_gallery":[],"jnews_single_post":[],"jnews_primary_category":[],"jnews_override_counter":[],"footnotes":""},"categories":[40],"tags":[8250,11901,1075,11902,4669,1307,5094,149],"class_list":["post-9124","post","type-post","status-publish","format-standard","has-post-thumbnail","hentry","category-econonie","tag-aviz-formal","tag-crestere-sustenabila","tag-dezvoltare-economica","tag-institutii-puternice","tag-ministerul-finantelor","tag-ocde","tag-politici-economice","tag-romania"],"_links":{"self":[{"href":"https:\/\/www.newsrecorder.ro\/app\/wp-json\/wp\/v2\/posts\/9124","targetHints":{"allow":["GET"]}}],"collection":[{"href":"https:\/\/www.newsrecorder.ro\/app\/wp-json\/wp\/v2\/posts"}],"about":[{"href":"https:\/\/www.newsrecorder.ro\/app\/wp-json\/wp\/v2\/types\/post"}],"author":[{"embeddable":true,"href":"https:\/\/www.newsrecorder.ro\/app\/wp-json\/wp\/v2\/users\/4"}],"replies":[{"embeddable":true,"href":"https:\/\/www.newsrecorder.ro\/app\/wp-json\/wp\/v2\/comments?post=9124"}],"version-history":[{"count":0,"href":"https:\/\/www.newsrecorder.ro\/app\/wp-json\/wp\/v2\/posts\/9124\/revisions"}],"wp:featuredmedia":[{"embeddable":true,"href":"https:\/\/www.newsrecorder.ro\/app\/wp-json\/wp\/v2\/media\/9125"}],"wp:attachment":[{"href":"https:\/\/www.newsrecorder.ro\/app\/wp-json\/wp\/v2\/media?parent=9124"}],"wp:term":[{"taxonomy":"category","embeddable":true,"href":"https:\/\/www.newsrecorder.ro\/app\/wp-json\/wp\/v2\/categories?post=9124"},{"taxonomy":"post_tag","embeddable":true,"href":"https:\/\/www.newsrecorder.ro\/app\/wp-json\/wp\/v2\/tags?post=9124"}],"curies":[{"name":"wp","href":"https:\/\/api.w.org\/{rel}","templated":true}]}}