{"id":9138,"date":"2026-03-17T23:15:36","date_gmt":"2026-03-17T23:15:36","guid":{"rendered":"https:\/\/www.newsrecorder.ro\/app\/2026\/03\/17\/patriarhul-georgiei-preafericitul-parinte-ilia-al-ii-lea-a-decedat-la-93-de-ani\/"},"modified":"2026-03-17T23:15:36","modified_gmt":"2026-03-17T23:15:36","slug":"patriarhul-georgiei-preafericitul-parinte-ilia-al-ii-lea-a-decedat-la-93-de-ani","status":"publish","type":"post","link":"https:\/\/www.newsrecorder.ro\/app\/2026\/03\/17\/patriarhul-georgiei-preafericitul-parinte-ilia-al-ii-lea-a-decedat-la-93-de-ani\/","title":{"rendered":"Patriarhul Georgiei, Preafericitul P\u0103rinte Ilia al II-lea, a decedat la 93 de ani"},"content":{"rendered":"<p>Mar\u021bi diminea\u021b\u0103, Patriarhul Georgiei a fost internat la Centrul Medical Caucasus, dupa ce starea sa de s\u0103n\u0103tate s-a deteriorat semnificativ, conform anun\u021bului f\u0103cut de Patriarhia Georgiei. Ministrul S\u0103n\u0103t\u0103\u021bii a subliniat c\u0103 se depun toate eforturile necesare pentru stabilizarea st\u0103rii pacientului, a\u0219a cum a raportat <a href=\"https:\/\/basilica.ro\/patriarhul-ilia-ii-al-georgiei-mutat-la-domnul\/?fbclid=IwY2xjawQmtMtleHRuA2FlbQIxMABicmlkETBQVzhDUkpHeUtFc0FNM29Dc3J0YwZhcHBfaWQQMjIyMDM5MTc4ODIwMDg5MgABHkiy_XuDlZS0qB9j8jrNPrUttn5FjBgXtBeUgSy-qoYDLzygs7DKXN7PbDYE_aem_0Wpi9tjE2t2Br5cUriHgjg\" target=\"_blank\" rel=\"noopener\">Basilica<\/a>.<\/p>\n<p>\u00cen semn de respect pentru \u00eent\u00e2ist\u0103t\u0103torul care a restaurat prestigiul Bisericii na\u021bionale georgiene, Guvernul Georgiei a declarat doliu na\u021bional.<\/p>\n<p>Tamar Berucha\u0219vili, Ambasadoarea Georgiei \u00een Rom\u00e2nia, a transmis un mesaj emo\u021bionant: \u201eA fost un p\u0103stor spiritual \u00een adev\u0103ratul sens al cuv\u00e2ntului, c\u0103l\u0103uzindu-\u0219i poporul cu smerenie, \u00een\u021belepciune \u0219i for\u021b\u0103 interioar\u0103 \u00een vremuri de \u00eencerc\u0103ri, necazuri \u0219i schimb\u0103ri. Fie ca sufletul s\u0103u s\u0103 se odihneasc\u0103 \u00een pace deplin\u0103! Fie ca amintirea lui s\u0103 d\u0103inuie ve\u0219nic!\u201d<\/p>\n<p>Preafericitul P\u0103rinte Ilia al II-lea a \u00eenceput slujirea sa patriarhal\u0103 \u00een anul 1977, la aproximativ \u0219ase luni dup\u0103 trecerea \u00een nefiin\u021b\u0103 a vrednicului de pomenire Patriarh Iustin Moisescu al Rom\u00e2niei.<\/p>\n<p>Patriarhul Ilia al II-lea Ghudu\u0219a\u0219vili-\u0218iola\u0219vili s-a n\u0103scut pe 4 ianuarie 1933, \u00een Vladikavkaz, Osetia de Nord, pe atunci parte a Uniunii Sovietice, av\u00e2nd numele de botez Irakli, conform surselor citate.<\/p>\n<p>Sub conducerea sa, Biserica a reu\u0219it s\u0103-\u0219i consolideze prezen\u021ba \u0219i s\u0103 se apropie din nou de credincio\u0219ii din \u00eentreaga \u021bar\u0103. \u00cen 2002, el a \u00eencheiat un acord istoric cu pre\u0219edintele Georgiei, Eduard \u0218evardnadze, care a conferit Bisericii un statut juridic special, recunosc\u00e2nd astfel rolul s\u0103u semnificativ \u00een via\u021ba na\u021bional\u0103.<\/p>\n","protected":false},"excerpt":{"rendered":"<p>Mar\u021bi diminea\u021b\u0103, Patriarhul Georgiei a fost internat la Centrul Medical Caucasus, dupa ce starea sa de s\u0103n\u0103tate s-a deteriorat semnificativ, conform anun\u021bului f\u0103cut de Patriarhia Georgiei. Ministrul S\u0103n\u0103t\u0103\u021bii a subliniat c\u0103 se depun toate eforturile necesare pentru stabilizarea st\u0103rii pacientului, a\u0219a cum a raportat Basilica. \u00cen semn de respect pentru \u00eent\u00e2ist\u0103t\u0103torul care a restaurat prestigiul [&hellip;]<\/p>\n","protected":false},"author":2,"featured_media":9139,"comment_status":"open","ping_status":"open","sticky":false,"template":"","format":"standard","meta":{"jnews-multi-image_gallery":[],"jnews_single_post":[],"jnews_primary_category":[],"jnews_override_counter":[],"footnotes":""},"categories":[39],"tags":[9314,11931,11474,1196,11930,551,11933,11932],"class_list":["post-9138","post","type-post","status-publish","format-standard","has-post-thumbnail","hentry","category-stirile-zilei","tag-9314","tag-biserica-georgiana","tag-doliu-national","tag-mesaj-emotionant","tag-patriarhul-georgiei","tag-sanatate","tag-slujire-patriarhala","tag-tamar-beruchasvili"],"_links":{"self":[{"href":"https:\/\/www.newsrecorder.ro\/app\/wp-json\/wp\/v2\/posts\/9138","targetHints":{"allow":["GET"]}}],"collection":[{"href":"https:\/\/www.newsrecorder.ro\/app\/wp-json\/wp\/v2\/posts"}],"about":[{"href":"https:\/\/www.newsrecorder.ro\/app\/wp-json\/wp\/v2\/types\/post"}],"author":[{"embeddable":true,"href":"https:\/\/www.newsrecorder.ro\/app\/wp-json\/wp\/v2\/users\/2"}],"replies":[{"embeddable":true,"href":"https:\/\/www.newsrecorder.ro\/app\/wp-json\/wp\/v2\/comments?post=9138"}],"version-history":[{"count":0,"href":"https:\/\/www.newsrecorder.ro\/app\/wp-json\/wp\/v2\/posts\/9138\/revisions"}],"wp:featuredmedia":[{"embeddable":true,"href":"https:\/\/www.newsrecorder.ro\/app\/wp-json\/wp\/v2\/media\/9139"}],"wp:attachment":[{"href":"https:\/\/www.newsrecorder.ro\/app\/wp-json\/wp\/v2\/media?parent=9138"}],"wp:term":[{"taxonomy":"category","embeddable":true,"href":"https:\/\/www.newsrecorder.ro\/app\/wp-json\/wp\/v2\/categories?post=9138"},{"taxonomy":"post_tag","embeddable":true,"href":"https:\/\/www.newsrecorder.ro\/app\/wp-json\/wp\/v2\/tags?post=9138"}],"curies":[{"name":"wp","href":"https:\/\/api.w.org\/{rel}","templated":true}]}}