{"id":9148,"date":"2026-03-17T23:42:52","date_gmt":"2026-03-17T23:42:52","guid":{"rendered":"https:\/\/www.newsrecorder.ro\/app\/2026\/03\/17\/pam-bondi-convocata-in-congres-pentru-scandalul-epstein\/"},"modified":"2026-03-17T23:42:52","modified_gmt":"2026-03-17T23:42:52","slug":"pam-bondi-convocata-in-congres-pentru-scandalul-epstein","status":"publish","type":"post","link":"https:\/\/www.newsrecorder.ro\/app\/2026\/03\/17\/pam-bondi-convocata-in-congres-pentru-scandalul-epstein\/","title":{"rendered":"Pam Bondi, convocat\u0103 \u00een Congres pentru scandalul Epstein!"},"content":{"rendered":"<p>James Comer, pre\u0219edintele republican al Comisiei de Supraveghere a Camerei Reprezentan\u021bilor, a anun\u021bat \u00eentr-o scrisoare de citare c\u0103 comisia sa a demarat o investiga\u021bie cu privire la \u201eposibila gestionare defectuoas\u0103\u201d a anchetei, conform informa\u021biilor oferite de <a href=\"https:\/\/www.bbc.com\/news\/articles\/cwyky51jwl0o\" target=\"_blank\" rel=\"noopener\">BBC<\/a>.<\/p>\n<p>Acest demers survine la scurt timp dup\u0103 ce Nancy Mace, o legislatoare republican\u0103, a propus o mo\u021biune pentru a o cita pe Bondi, acuz\u00e2nd Departamentul de Justi\u021bie de \u201emu\u0219amalizare\u201d \u00een ceea ce prive\u0219te publicarea documentelor legate de Epstein.<\/p>\n<p>Reac\u021bia Departamentului de Justi\u021bie a fost una ferm\u0103, un purt\u0103tor de cuv\u00e2nt caracteriz\u00e2nd cita\u021bia ca fiind \u201ecomplet inutil\u0103\u201d. Aceast\u0103 pozi\u021bie subliniaz\u0103 presiunea tot mai mare la care au fost supu\u0219i Bondi \u0219i administra\u021bia Trump din partea \u00eentregului spectru politic pentru a publica documentele aferente anchetei.<\/p>\n<p>\u00cen scrisoarea sa, Comer a subliniat preocup\u0103rile comisiei legate de modul \u00een care Departamentul de Justi\u021bie a gestionat investiga\u021bia referitoare la Jeffrey Epstein \u0219i asocia\u021bii s\u0103i, precum \u0219i de respectarea Legii privind transparen\u021ba dosarelor Epstein. \u201eComisia are \u00eentreb\u0103ri cu privire la aceste aspecte \u0219i consider\u0103 c\u0103 de\u021bine\u021bi informa\u021bii valoroase \u00een acest context\u201d, a men\u021bionat el, f\u0103c\u00e2nd referire la Bondi, care este a\u0219teptat\u0103 s\u0103 se prezinte pe 14 aprilie.<\/p>\n<p>Criticile la adresa Departamentului de Justi\u021bie nu s-au limitat doar la gestionarea dosarelor, ci \u0219i la absen\u021ba redact\u0103rii numelui victimelor lui Epstein. \u201e\u00cen calitate de procuror general, sunte\u021bi direct responsabil\u0103 de supravegherea colect\u0103rii, examin\u0103rii \u0219i deciziilor referitoare la publicarea dosarelor\u201d, a ad\u0103ugat Comer.<\/p>\n<p>\u00cen noiembrie anul trecut, fostul pre\u0219edinte Trump a promulgat o lege care obliga Departamentul de Justi\u021bie s\u0103 fac\u0103 publice toate materialele din anchetele legate de Epstein. Cu toate acestea, dup\u0103 publicarea unui num\u0103r semnificativ de documente, agen\u021bia a fost criticat\u0103 at\u00e2t de democra\u021bi, c\u00e2t \u0219i de republicani, fiind acuzat\u0103 c\u0103 nu a protejat informa\u021biile de identificare ale supravie\u021buitoarelor, \u00een timp ce a ascuns identitatea celor care nu erau victime.<\/p>\n<p>Referitor la cita\u021bia considerat\u0103 \u201einutil\u0103\u201d, Departamentul de Justi\u021bie a afirmat c\u0103 a continuat s\u0103 ofere informa\u021bii relevante factorilor de decizie politic\u0103. \u201eLegiuitorii au fost invita\u021bi s\u0103 consulte personal dosarele neexpurgate, iar procurorul general s-a ar\u0103tat \u00eentotdeauna disponibil\u0103 pentru a discuta direct cu membrii Congresului\u201d, a declarat un reprezentant al agen\u021biei.<\/p>\n<p>Dac\u0103 Bondi va accepta invita\u021bia de a se prezenta, se va al\u0103tura unei liste din ce \u00een ce mai lungi de personalit\u0103\u021bi care vor depune m\u0103rturie \u00een fa\u021ba Comisiei de Supraveghere a Camerei Reprezentan\u021bilor. Recent, fostul pre\u0219edinte Bill Clinton \u0219i fosta secretar\u0103 de stat Hillary Clinton au fost deja audia\u021bi de comisie.<\/p>\n","protected":false},"excerpt":{"rendered":"<p>James Comer, pre\u0219edintele republican al Comisiei de Supraveghere a Camerei Reprezentan\u021bilor, a anun\u021bat \u00eentr-o scrisoare de citare c\u0103 comisia sa a demarat o investiga\u021bie cu privire la \u201eposibila gestionare defectuoas\u0103\u201d a anchetei, conform informa\u021biilor oferite de BBC. Acest demers survine la scurt timp dup\u0103 ce Nancy Mace, o legislatoare republican\u0103, a propus o mo\u021biune pentru [&hellip;]<\/p>\n","protected":false},"author":2,"featured_media":9149,"comment_status":"open","ping_status":"open","sticky":false,"template":"","format":"standard","meta":{"jnews-multi-image_gallery":[],"jnews_single_post":[],"jnews_primary_category":[],"jnews_override_counter":[],"footnotes":""},"categories":[39],"tags":[817,11944,8243,8099,1079,11941,11943,11942],"class_list":["post-9148","post","type-post","status-publish","format-standard","has-post-thumbnail","hentry","category-stirile-zilei","tag-ancheta","tag-bondi","tag-comisia-de-supraveghere","tag-departamentul-de-justitie","tag-investigatie","tag-james-comer","tag-musamalizare","tag-nancy-mace"],"_links":{"self":[{"href":"https:\/\/www.newsrecorder.ro\/app\/wp-json\/wp\/v2\/posts\/9148","targetHints":{"allow":["GET"]}}],"collection":[{"href":"https:\/\/www.newsrecorder.ro\/app\/wp-json\/wp\/v2\/posts"}],"about":[{"href":"https:\/\/www.newsrecorder.ro\/app\/wp-json\/wp\/v2\/types\/post"}],"author":[{"embeddable":true,"href":"https:\/\/www.newsrecorder.ro\/app\/wp-json\/wp\/v2\/users\/2"}],"replies":[{"embeddable":true,"href":"https:\/\/www.newsrecorder.ro\/app\/wp-json\/wp\/v2\/comments?post=9148"}],"version-history":[{"count":0,"href":"https:\/\/www.newsrecorder.ro\/app\/wp-json\/wp\/v2\/posts\/9148\/revisions"}],"wp:featuredmedia":[{"embeddable":true,"href":"https:\/\/www.newsrecorder.ro\/app\/wp-json\/wp\/v2\/media\/9149"}],"wp:attachment":[{"href":"https:\/\/www.newsrecorder.ro\/app\/wp-json\/wp\/v2\/media?parent=9148"}],"wp:term":[{"taxonomy":"category","embeddable":true,"href":"https:\/\/www.newsrecorder.ro\/app\/wp-json\/wp\/v2\/categories?post=9148"},{"taxonomy":"post_tag","embeddable":true,"href":"https:\/\/www.newsrecorder.ro\/app\/wp-json\/wp\/v2\/tags?post=9148"}],"curies":[{"name":"wp","href":"https:\/\/api.w.org\/{rel}","templated":true}]}}