{"id":9156,"date":"2026-03-18T00:25:41","date_gmt":"2026-03-18T00:25:41","guid":{"rendered":"https:\/\/www.newsrecorder.ro\/app\/2026\/03\/18\/iranul-confirma-moartea-lui-ali-larijani-detalii-socante-despre-ultimii-sai-clipe\/"},"modified":"2026-03-18T00:25:41","modified_gmt":"2026-03-18T00:25:41","slug":"iranul-confirma-moartea-lui-ali-larijani-detalii-socante-despre-ultimii-sai-clipe","status":"publish","type":"post","link":"https:\/\/www.newsrecorder.ro\/app\/2026\/03\/18\/iranul-confirma-moartea-lui-ali-larijani-detalii-socante-despre-ultimii-sai-clipe\/","title":{"rendered":"Iranul confirm\u0103 moartea lui Ali Larijani: Detalii \u0219ocante despre ultimii s\u0103i clipe"},"content":{"rendered":"<p class=\"p1\">Presa de stat a anun\u021bat cu triste\u021be c\u0103 <strong><a style=\"color: #0000ff\" href=\"https:\/\/www.reuters.com\/world\/middle-east\/ali-larijani-irans-ultimate-backroom-powerbroker-dies-67-2026-03-17\/\">Ali Larijani<\/a><\/strong>, cel mai \u00eenalt oficial responsabil de securitatea na\u021bional\u0103 a Iranului \u0219i un lider influent \u00een timpul r\u0103zboiului, a fost ucis \u00een bombardamentele de luni noapte.<\/p>\n<p class=\"p1\">Larijani este descris de mass-media ca un martir, fiind omor\u00e2t al\u0103turi de fiul s\u0103u, adjunctul s\u0103u \u0219i un grup de g\u0103rzi de corp care \u00eel protejau. Tragicul incident a avut loc \u00een re\u0219edin\u021ba fiicei sale din zona Pardis, \u00een provincia Teheran.<\/p>\n<p class=\"p1\">Agen\u021biile de \u0219tiri din Iran au \u00eenceput s\u0103 publice imagini cu Larijani, al\u0103turi de liderul suprem decedat, ayatollahul Ali Khamenei, care a fost ucis \u00een prima zi a conflictului, precum \u0219i fotografii cu fiul s\u0103u \u0219i cu cei care \u00eel \u00eenconjurau.<\/p>\n<p class=\"p1\">Ceremonia de \u00eenmorm\u00e2ntare a lui Ali Larijani \u0219i Gholamreza Soleimani este programat\u0103 pentru m\u00e2ine, \u00een aceea\u0219i zi cu \u00eenmorm\u00e2ntarea martirilor distrug\u0103torului Dena, conform anun\u021burilor venite din Teheran. Evenimentul va avea loc la pr\u00e2nz \u00een Pia\u021ba Enqelab din Teheran, la Mausoleul Martirilor.<\/p>\n<p class=\"p1\">Asasinatele lui Larijani marcheaz\u0103 dispari\u021bia uneia dintre cele mai proeminente voci ale sfid\u0103rii din Iran, a\u0219a cum a subliniat mar\u021bi <strong><a href=\"https:\/\/www.nytimes.com\/live\/2026\/03\/17\/world\/iran-war-trump-oil-lebanon\">The New York Times<\/a><\/strong>.<\/p>\n<p id=\"p-5\">Larijani era cunoscut ca un pragmatist influent, av\u00e2nd capacitatea de a negocia cu Statele Unite, iar moartea sa ar putea stimula liderii iranieni mai intransigen\u021bi, care cred c\u0103 supravie\u021buirea republicii islamice depinde de intensificarea eforturilor \u0219i de o abordare mai agresiv\u0103.<\/p>\n<p id=\"p-6\">A fost un apropiat al ayatollahului Ali Khamenei, liderul suprem care a fost ucis \u00eentr-un atac aerian israelian la \u00eenceputul r\u0103zboiului, pe 28 februarie. Larijani a jucat un rol esen\u021bial \u00een conducerea Iranului din umbr\u0103, chiar \u00eenainte de moartea lui Khamenei, coordon\u00e2nd reprimarea brutal\u0103 a protestelor \u00eempotriva guvernului islamic din acest an.<\/p>\n<p id=\"p-7\">\u00cen plus, Larijani a preluat un rol din ce \u00een ce mai important \u00een procesul decizional crucial pe timpul r\u0103zboiului, \u00een special dup\u0103 numirea lui Mojtaba Khamenei ca lider suprem. Este de notat c\u0103 Larijani s-a opus acestei alegeri, pled\u00e2nd pentru o op\u021biune mai moderat\u0103.<\/p>\n","protected":false},"excerpt":{"rendered":"<p>Presa de stat a anun\u021bat cu triste\u021be c\u0103 Ali Larijani, cel mai \u00eenalt oficial responsabil de securitatea na\u021bional\u0103 a Iranului \u0219i un lider influent \u00een timpul r\u0103zboiului, a fost ucis \u00een bombardamentele de luni noapte. Larijani este descris de mass-media ca un martir, fiind omor\u00e2t al\u0103turi de fiul s\u0103u, adjunctul s\u0103u \u0219i un grup de [&hellip;]<\/p>\n","protected":false},"author":2,"featured_media":9157,"comment_status":"open","ping_status":"open","sticky":false,"template":"","format":"standard","meta":{"jnews-multi-image_gallery":[],"jnews_single_post":[],"jnews_primary_category":[],"jnews_override_counter":[],"footnotes":""},"categories":[39],"tags":[2068,8883,11958,11873,913,11957,416,4804],"class_list":["post-9156","post","type-post","status-publish","format-standard","has-post-thumbnail","hentry","category-stirile-zilei","tag-ali-larijani","tag-bombardamente","tag-ceremonia-de-inmormantare","tag-gholamreza-soleimani","tag-iran","tag-martir","tag-securitate-nationala","tag-teheran"],"_links":{"self":[{"href":"https:\/\/www.newsrecorder.ro\/app\/wp-json\/wp\/v2\/posts\/9156","targetHints":{"allow":["GET"]}}],"collection":[{"href":"https:\/\/www.newsrecorder.ro\/app\/wp-json\/wp\/v2\/posts"}],"about":[{"href":"https:\/\/www.newsrecorder.ro\/app\/wp-json\/wp\/v2\/types\/post"}],"author":[{"embeddable":true,"href":"https:\/\/www.newsrecorder.ro\/app\/wp-json\/wp\/v2\/users\/2"}],"replies":[{"embeddable":true,"href":"https:\/\/www.newsrecorder.ro\/app\/wp-json\/wp\/v2\/comments?post=9156"}],"version-history":[{"count":0,"href":"https:\/\/www.newsrecorder.ro\/app\/wp-json\/wp\/v2\/posts\/9156\/revisions"}],"wp:featuredmedia":[{"embeddable":true,"href":"https:\/\/www.newsrecorder.ro\/app\/wp-json\/wp\/v2\/media\/9157"}],"wp:attachment":[{"href":"https:\/\/www.newsrecorder.ro\/app\/wp-json\/wp\/v2\/media?parent=9156"}],"wp:term":[{"taxonomy":"category","embeddable":true,"href":"https:\/\/www.newsrecorder.ro\/app\/wp-json\/wp\/v2\/categories?post=9156"},{"taxonomy":"post_tag","embeddable":true,"href":"https:\/\/www.newsrecorder.ro\/app\/wp-json\/wp\/v2\/tags?post=9156"}],"curies":[{"name":"wp","href":"https:\/\/api.w.org\/{rel}","templated":true}]}}