{"id":9174,"date":"2026-03-18T02:43:28","date_gmt":"2026-03-18T02:43:28","guid":{"rendered":"https:\/\/www.newsrecorder.ro\/app\/2026\/03\/18\/ministrul-transporturilor-negociaza-cu-austria-si-germania-pentru-dunare\/"},"modified":"2026-03-18T02:43:28","modified_gmt":"2026-03-18T02:43:28","slug":"ministrul-transporturilor-negociaza-cu-austria-si-germania-pentru-dunare","status":"publish","type":"post","link":"https:\/\/www.newsrecorder.ro\/app\/2026\/03\/18\/ministrul-transporturilor-negociaza-cu-austria-si-germania-pentru-dunare\/","title":{"rendered":"Ministrul Transporturilor negociaz\u0103 cu Austria \u0219i Germania pentru Dun\u0103re!"},"content":{"rendered":"<p>Ciprian \u0218erban, ministrul Transporturilor, a avut recent discu\u021bii productive cu ambasadoarele Germaniei \u0219i Austriei, ax\u00e2ndu-se pe parteneriatele strategice cu aceste dou\u0103 \u021b\u0103ri, recunoscute ca actori cheie \u00een dezvoltarea infrastructurii Rom\u00e2niei.<\/p>\n<p>\u201eColaborarea \u00een cadrul Strategiei Uniunii Europene pentru regiunea Dun\u0103rii, al\u0103turi de implementarea planului bilateral Rom\u00e2nia-Germania \u0219i Rom\u00e2nia-Austria, reprezint\u0103 direc\u021bii fundamentale pentru a valorifica oportunit\u0103\u021bile disponibile. Am subliniat importan\u021ba atragerii de investi\u021bii \u0219i dezvoltarea unui HUB logistic, av\u00e2nd \u00een vedere pozi\u021bia strategic\u0103 a Portului Constan\u021ba \u0219i a porturilor dun\u0103rene. De asemenea, am discutat despre proiectele ce vizeaz\u0103 transportul multimodal, \u00eembun\u0103t\u0103\u021birea infrastructurii rutiere \u0219i feroviare, precum \u0219i dezvoltarea coridorului Rin-Dun\u0103re\u201d, a declarat \u0218erban pe platforma sa de Facebook.<\/p>\n<p>Ministrul a exprimat, de asemenea, optimismul c\u0103 aceste ini\u021biative vor \u00eent\u0103ri cooperarea bilateral\u0103 \u0219i vor aduce beneficii economice sustenabile pe termen lung.<\/p>\n","protected":false},"excerpt":{"rendered":"<p>Ciprian \u0218erban, ministrul Transporturilor, a avut recent discu\u021bii productive cu ambasadoarele Germaniei \u0219i Austriei, ax\u00e2ndu-se pe parteneriatele strategice cu aceste dou\u0103 \u021b\u0103ri, recunoscute ca actori cheie \u00een dezvoltarea infrastructurii Rom\u00e2niei. \u201eColaborarea \u00een cadrul Strategiei Uniunii Europene pentru regiunea Dun\u0103rii, al\u0103turi de implementarea planului bilateral Rom\u00e2nia-Germania \u0219i Rom\u00e2nia-Austria, reprezint\u0103 direc\u021bii fundamentale pentru a valorifica oportunit\u0103\u021bile disponibile. [&hellip;]<\/p>\n","protected":false},"author":2,"featured_media":9175,"comment_status":"open","ping_status":"open","sticky":false,"template":"","format":"standard","meta":{"jnews-multi-image_gallery":[],"jnews_single_post":[],"jnews_primary_category":[],"jnews_override_counter":[],"footnotes":""},"categories":[42],"tags":[5151,676,460,420,3312,11980,149,3672],"class_list":["post-9174","post","type-post","status-publish","format-standard","has-post-thumbnail","hentry","category-politica","tag-austria","tag-germania","tag-infrastructura","tag-investitii","tag-parteneriate","tag-porturi","tag-romania","tag-transporturi"],"_links":{"self":[{"href":"https:\/\/www.newsrecorder.ro\/app\/wp-json\/wp\/v2\/posts\/9174","targetHints":{"allow":["GET"]}}],"collection":[{"href":"https:\/\/www.newsrecorder.ro\/app\/wp-json\/wp\/v2\/posts"}],"about":[{"href":"https:\/\/www.newsrecorder.ro\/app\/wp-json\/wp\/v2\/types\/post"}],"author":[{"embeddable":true,"href":"https:\/\/www.newsrecorder.ro\/app\/wp-json\/wp\/v2\/users\/2"}],"replies":[{"embeddable":true,"href":"https:\/\/www.newsrecorder.ro\/app\/wp-json\/wp\/v2\/comments?post=9174"}],"version-history":[{"count":0,"href":"https:\/\/www.newsrecorder.ro\/app\/wp-json\/wp\/v2\/posts\/9174\/revisions"}],"wp:featuredmedia":[{"embeddable":true,"href":"https:\/\/www.newsrecorder.ro\/app\/wp-json\/wp\/v2\/media\/9175"}],"wp:attachment":[{"href":"https:\/\/www.newsrecorder.ro\/app\/wp-json\/wp\/v2\/media?parent=9174"}],"wp:term":[{"taxonomy":"category","embeddable":true,"href":"https:\/\/www.newsrecorder.ro\/app\/wp-json\/wp\/v2\/categories?post=9174"},{"taxonomy":"post_tag","embeddable":true,"href":"https:\/\/www.newsrecorder.ro\/app\/wp-json\/wp\/v2\/tags?post=9174"}],"curies":[{"name":"wp","href":"https:\/\/api.w.org\/{rel}","templated":true}]}}