{"id":9206,"date":"2026-03-18T09:09:12","date_gmt":"2026-03-18T09:09:12","guid":{"rendered":"https:\/\/www.newsrecorder.ro\/app\/2026\/03\/18\/iranul-reafirma-doctrina-nucleara-si-cere-reforme-pentru-stramtoarea-ormuz\/"},"modified":"2026-03-18T09:09:12","modified_gmt":"2026-03-18T09:09:12","slug":"iranul-reafirma-doctrina-nucleara-si-cere-reforme-pentru-stramtoarea-ormuz","status":"publish","type":"post","link":"https:\/\/www.newsrecorder.ro\/app\/2026\/03\/18\/iranul-reafirma-doctrina-nucleara-si-cere-reforme-pentru-stramtoarea-ormuz\/","title":{"rendered":"Iranul reafirm\u0103 doctrina nuclear\u0103 \u0219i cere reforme pentru Str\u00e2mtoarea Ormuz"},"content":{"rendered":"<p>Fostul lider suprem al Iranului, Ayatollahul Ali Khamenei, a fost asasinat la \u00eenceputul conflictului americano-israelian cu Iranul. Khamenei s-a opus dezvolt\u0103rii armelor de distrugere \u00een mas\u0103 prin intermediul unei fatwa, un edict religios, pe care l-a emis \u00een primele decade ale anilor 2000, conform unui raport publicat de <a href=\"https:\/\/www.reuters.com\/world\/middle-east\/irans-nuclear-doctrine-not-likely-change-foreign-minister-says-2026-03-18\/\" target=\"_blank\" rel=\"noopener\">Reuters<\/a>.<\/p>\n<p>De mai mul\u021bi ani, \u021b\u0103rile occidentale, printre care se num\u0103r\u0103 Statele Unite \u0219i Israel, acuz\u0103 Teheranul c\u0103 are inten\u021bii de a dezvolta arme nucleare. \u00cen schimb, autorit\u0103\u021bile iraniene afirm\u0103 cu t\u0103rie c\u0103 programul lor nuclear este destinat exclusiv scopurilor civile.<\/p>\n<p>\u00cen ceea ce prive\u0219te fatwa-urile, Abbas Araqchi, ministrul iranian de externe, a subliniat c\u0103 acestea depind de juristul islamic care le emite. Araqchi a ad\u0103ugat c\u0103 nu se afl\u0103 \u00eenc\u0103 \u00een pozi\u021bia de a evalua viziunile jurispruden\u021biale sau politice ale lui Mojtaba Khamenei, noul lider suprem al Iranului.<\/p>\n<p>Referitor la situa\u021bia din Str\u00e2mtoarea Ormuz, Araqchi a afirmat c\u0103, dup\u0103 \u00eencheierea conflictului, este necesar ca statele vecine ale Golfului s\u0103 elaboreze un nou protocol pentru a garanta o trecere sigur\u0103 prin aceast\u0103 rut\u0103 maritim\u0103 crucial\u0103, care s\u0103 fie aliniat\u0103 cu interesele Iranului \u0219i ale regiunii.<\/p>\n<p>Iranul a luat m\u0103suri drastice, \u00eenchiz\u00e2nd aceast\u0103 poart\u0103 energetic\u0103 vital\u0103 prin care tranziteaz\u0103 o cincime din petrolul \u0219i gazul lichefiat global, declar\u00e2nd c\u0103 nu va permite \u201enici m\u0103car un litru de petrol\u201d s\u0103 ajung\u0103 \u00een Statele Unite, Israel sau partenerii acestora.<\/p>\n<p>Mar\u021bi, pre\u0219edintele parlamentului iranian a comunicat prin intermediul platformei X c\u0103 situa\u021bia din Str\u00e2mtoarea Ormuz nu va reveni la starea de dinainte de r\u0103zboi. \u00cen acest context, Statele Unite au \u00eencercat s\u0103 formeze o coali\u021bie naval\u0103 pentru a escorta navele care trec prin str\u00e2mtoare. Cu toate acestea, majoritatea alia\u021bilor din cadrul NATO au declarat c\u0103 nu doresc s\u0103 se implice \u00een opera\u021biuni militare \u00eempotriva Iranului.<\/p>\n<p>Fran\u021ba, un stat membru NATO, a anun\u021bat c\u0103 va lua \u00een considerare o coali\u021bie interna\u021bional\u0103 pentru securizarea trecerii prin str\u00e2mtoare, dar doar dup\u0103 ce se va ajunge la un armisti\u021biu \u0219i la negocieri prealabile cu Teheranul.<\/p>\n<p>Araqchi a subliniat c\u0103 un sf\u00e2r\u0219it al conflictului este posibil doar dac\u0103 acesta se \u00eencheie permanent \u00een \u00eentreaga regiune \u0219i dac\u0103 Iranul prime\u0219te compensa\u021bii pentru pagubele suferite.<\/p>\n<p>\u00centrebat despre atacurile iraniene din Golf, care au vizat nu doar baze militare americane, ci \u0219i zone reziden\u021biale \u0219i comerciale, Araqchi a explicat c\u0103 aceste ac\u021biuni au fost cauzate de relocarea for\u021belor americane \u00een zone urbane. \u201eOriunde au fost concentrate for\u021bele americane sau au existat facilit\u0103\u021bi ale acestora, au fost vizate. Este posibil ca unele dintre aceste loca\u021bii s\u0103 fi fost \u00een apropierea zonelor urbane\u201d, a declarat Araqchi.<\/p>\n<p>Ministrul iranian de externe a recunoscut c\u0103 \u021b\u0103rile din regiune sunt \u201esup\u0103rate \u0219i c\u0103 popula\u021bia lor a fost afectat\u0103\u201d de atacurile iraniene, dar a ad\u0103ugat c\u0103 responsabilitatea revine \u00een \u00eentregime Statelor Unite pentru declan\u0219area r\u0103zboiului la 28 februarie.<\/p>\n","protected":false},"excerpt":{"rendered":"<p>Fostul lider suprem al Iranului, Ayatollahul Ali Khamenei, a fost asasinat la \u00eenceputul conflictului americano-israelian cu Iranul. Khamenei s-a opus dezvolt\u0103rii armelor de distrugere \u00een mas\u0103 prin intermediul unei fatwa, un edict religios, pe care l-a emis \u00een primele decade ale anilor 2000, conform unui raport publicat de Reuters. De mai mul\u021bi ani, \u021b\u0103rile occidentale, [&hellip;]<\/p>\n","protected":false},"author":2,"featured_media":9207,"comment_status":"open","ping_status":"open","sticky":false,"template":"","format":"standard","meta":{"jnews-multi-image_gallery":[],"jnews_single_post":[],"jnews_primary_category":[],"jnews_override_counter":[],"footnotes":""},"categories":[41],"tags":[5929,4191,7339,12011,12010,913,8772,4804],"class_list":["post-9206","post","type-post","status-publish","format-standard","has-post-thumbnail","hentry","category-externe","tag-abbas-araqchi","tag-ali-khamenei","tag-arme-nucleare","tag-conflict-americano-israelian","tag-fatwa","tag-iran","tag-stramtoarea-ormuz","tag-teheran"],"_links":{"self":[{"href":"https:\/\/www.newsrecorder.ro\/app\/wp-json\/wp\/v2\/posts\/9206","targetHints":{"allow":["GET"]}}],"collection":[{"href":"https:\/\/www.newsrecorder.ro\/app\/wp-json\/wp\/v2\/posts"}],"about":[{"href":"https:\/\/www.newsrecorder.ro\/app\/wp-json\/wp\/v2\/types\/post"}],"author":[{"embeddable":true,"href":"https:\/\/www.newsrecorder.ro\/app\/wp-json\/wp\/v2\/users\/2"}],"replies":[{"embeddable":true,"href":"https:\/\/www.newsrecorder.ro\/app\/wp-json\/wp\/v2\/comments?post=9206"}],"version-history":[{"count":0,"href":"https:\/\/www.newsrecorder.ro\/app\/wp-json\/wp\/v2\/posts\/9206\/revisions"}],"wp:featuredmedia":[{"embeddable":true,"href":"https:\/\/www.newsrecorder.ro\/app\/wp-json\/wp\/v2\/media\/9207"}],"wp:attachment":[{"href":"https:\/\/www.newsrecorder.ro\/app\/wp-json\/wp\/v2\/media?parent=9206"}],"wp:term":[{"taxonomy":"category","embeddable":true,"href":"https:\/\/www.newsrecorder.ro\/app\/wp-json\/wp\/v2\/categories?post=9206"},{"taxonomy":"post_tag","embeddable":true,"href":"https:\/\/www.newsrecorder.ro\/app\/wp-json\/wp\/v2\/tags?post=9206"}],"curies":[{"name":"wp","href":"https:\/\/api.w.org\/{rel}","templated":true}]}}