{"id":9224,"date":"2026-03-18T09:42:12","date_gmt":"2026-03-18T09:42:12","guid":{"rendered":"https:\/\/www.newsrecorder.ro\/app\/2026\/03\/18\/argentina-se-desprinde-de-oms-javier-milei-dezvaluie-motivele\/"},"modified":"2026-03-18T09:42:12","modified_gmt":"2026-03-18T09:42:12","slug":"argentina-se-desprinde-de-oms-javier-milei-dezvaluie-motivele","status":"publish","type":"post","link":"https:\/\/www.newsrecorder.ro\/app\/2026\/03\/18\/argentina-se-desprinde-de-oms-javier-milei-dezvaluie-motivele\/","title":{"rendered":"Argentina se desprinde de OMS: Javier Milei dezv\u0103luie motivele!"},"content":{"rendered":"<p>Guvernul argentinian, sub conducerea lui Javier Milei, a finalizat ie\u0219irea oficial\u0103 a \u021b\u0103rii din Organiza\u021bia Mondial\u0103 a S\u0103n\u0103t\u0103\u021bii (OMS), invoc\u00e2nd argumente legate de suveranitate, conform unei reportaje de la <a href=\"https:\/\/www.euronews.com\/health\/2026\/03\/18\/argentina-has-officially-left-the-world-health-organization\">Euronews<\/a>.<\/p>\n<p>Cu toate acestea, autorit\u0103\u021bile de la Buenos Aires au subliniat angajamentul de a continua colaborarea interna\u021bional\u0103 \u00een domeniul s\u0103n\u0103t\u0103\u021bii prin intermediul acordurilor bilaterale \u0219i regionale.<\/p>\n<p>Retragerea Argentinei din OMS a devenit oficial\u0103 la un an dup\u0103 ce decizia a fost anun\u021bat\u0103, a confirmat Pablo Quirno, ministrul de externe, pe contul s\u0103u de X. \u201eAst\u0103zi, retragerea Argentinei din Organiza\u021bia Mondial\u0103 a S\u0103n\u0103t\u0103\u021bii (OMS) intr\u0103 \u00een vigoare, la un an dup\u0103 notificarea oficial\u0103 f\u0103cut\u0103 de \u021bara noastr\u0103\u201d, a declarat Quirno, ad\u0103ug\u00e2nd c\u0103 notificarea a fost transmis\u0103 pe 17 martie 2025 secretarului general al ONU.<\/p>\n<p>\u201e\u00cen conformitate cu prevederile Conven\u021biei de la Viena privind dreptul tratatelor, retragerea se produce un an mai t\u00e2rziu\u201d, a explicat el.<\/p>\n<p>\u00cen ciuda acestui pas, guvernul argentinian a asigurat c\u0103 va continua s\u0103 promoveze cooperarea interna\u021bional\u0103 \u00een domeniul s\u0103n\u0103t\u0103\u021bii prin acorduri bilaterale \u0219i regionale, protej\u00e2ndu-\u0219i astfel suveranitatea \u0219i capacitatea de a decide asupra politicilor de s\u0103n\u0103tate.<\/p>\n<p>Decizia a fost justificat\u0103 de pre\u0219edintele Javier Milei \u0219i echipa sa ca un r\u0103spuns la \u201ediferen\u021bele profunde\u201d cu OMS \u00een timpul pandemiei de COVID-19. Pre\u0219edintele a caracterizat agen\u021bia drept \u201enefast\u0103\u201d \u0219i a acuzat-o c\u0103 este un \u201eorgan de aplicare a legii \u00een cadrul celui mai mare experiment de control social din istorie\u201d.<\/p>\n<p>Aceast\u0103 decizie a st\u00e2rnit critici din partea exper\u021bilor locali, care au considerat m\u0103sura o \u201eabera\u021bie\u201d din punct de vedere al s\u0103n\u0103t\u0103\u021bii publice, \u00een timp ce guvernul a afirmat c\u0103 aceasta va oferi \u201emai mult\u0103 flexibilitate\u201d \u0219i \u201esuveranitate\u201d \u00een implementarea politicilor de s\u0103n\u0103tate.<\/p>\n<p>Contextul retragerii Argentinei din OMS a fost influen\u021bat \u0219i de critici similare aduse de pre\u0219edintele american Donald Trump la adresa organiza\u021biei interna\u021bionale. Administra\u021bia american\u0103 a criticat gestionarea OMS \u00een timpul pandemiei de COVID-19 \u0219i a altor crize sanitare globale, culmin\u00e2nd cu decizia oficial\u0103 a Statelor Unite de a p\u0103r\u0103si OMS \u00een ianuarie.<\/p>\n","protected":false},"excerpt":{"rendered":"<p>Guvernul argentinian, sub conducerea lui Javier Milei, a finalizat ie\u0219irea oficial\u0103 a \u021b\u0103rii din Organiza\u021bia Mondial\u0103 a S\u0103n\u0103t\u0103\u021bii (OMS), invoc\u00e2nd argumente legate de suveranitate, conform unei reportaje de la Euronews. Cu toate acestea, autorit\u0103\u021bile de la Buenos Aires au subliniat angajamentul de a continua colaborarea interna\u021bional\u0103 \u00een domeniul s\u0103n\u0103t\u0103\u021bii prin intermediul acordurilor bilaterale \u0219i regionale. [&hellip;]<\/p>\n","protected":false},"author":2,"featured_media":9225,"comment_status":"open","ping_status":"open","sticky":false,"template":"","format":"standard","meta":{"jnews-multi-image_gallery":[],"jnews_single_post":[],"jnews_primary_category":[],"jnews_override_counter":[],"footnotes":""},"categories":[41],"tags":[12036,11453,5123,6457,709,988,551,917],"class_list":["post-9224","post","type-post","status-publish","format-standard","has-post-thumbnail","hentry","category-externe","tag-acorduri-bilaterale","tag-argentina","tag-colaborare-internationala","tag-javier-milei","tag-oms","tag-retragere","tag-sanatate","tag-suveranitate"],"_links":{"self":[{"href":"https:\/\/www.newsrecorder.ro\/app\/wp-json\/wp\/v2\/posts\/9224","targetHints":{"allow":["GET"]}}],"collection":[{"href":"https:\/\/www.newsrecorder.ro\/app\/wp-json\/wp\/v2\/posts"}],"about":[{"href":"https:\/\/www.newsrecorder.ro\/app\/wp-json\/wp\/v2\/types\/post"}],"author":[{"embeddable":true,"href":"https:\/\/www.newsrecorder.ro\/app\/wp-json\/wp\/v2\/users\/2"}],"replies":[{"embeddable":true,"href":"https:\/\/www.newsrecorder.ro\/app\/wp-json\/wp\/v2\/comments?post=9224"}],"version-history":[{"count":0,"href":"https:\/\/www.newsrecorder.ro\/app\/wp-json\/wp\/v2\/posts\/9224\/revisions"}],"wp:featuredmedia":[{"embeddable":true,"href":"https:\/\/www.newsrecorder.ro\/app\/wp-json\/wp\/v2\/media\/9225"}],"wp:attachment":[{"href":"https:\/\/www.newsrecorder.ro\/app\/wp-json\/wp\/v2\/media?parent=9224"}],"wp:term":[{"taxonomy":"category","embeddable":true,"href":"https:\/\/www.newsrecorder.ro\/app\/wp-json\/wp\/v2\/categories?post=9224"},{"taxonomy":"post_tag","embeddable":true,"href":"https:\/\/www.newsrecorder.ro\/app\/wp-json\/wp\/v2\/tags?post=9224"}],"curies":[{"name":"wp","href":"https:\/\/api.w.org\/{rel}","templated":true}]}}