{"id":9246,"date":"2026-03-18T11:43:49","date_gmt":"2026-03-18T11:43:49","guid":{"rendered":"https:\/\/www.newsrecorder.ro\/app\/2026\/03\/18\/georgia-onoreaza-memoria-patriarhului-ilia-al-ii-lea-cu-funeralii-solemne\/"},"modified":"2026-03-18T11:43:49","modified_gmt":"2026-03-18T11:43:49","slug":"georgia-onoreaza-memoria-patriarhului-ilia-al-ii-lea-cu-funeralii-solemne","status":"publish","type":"post","link":"https:\/\/www.newsrecorder.ro\/app\/2026\/03\/18\/georgia-onoreaza-memoria-patriarhului-ilia-al-ii-lea-cu-funeralii-solemne\/","title":{"rendered":"Georgia onoreaz\u0103 memoria Patriarhului Ilia al II-lea cu funeralii solemne"},"content":{"rendered":"<p><em>\u201eSinodul se va \u00eentruni la ora 14:00, ora local\u0103, \u00een conformitate cu tradi\u021bia bisericeasc\u0103, pentru a discuta diversele aspecte legate de \u00eenmorm\u00e2ntarea Patriarhului. Dup\u0103 \u00eencheierea \u0219edin\u021bei, r\u0103m\u0103\u0219i\u021bele p\u0103m\u00e2nte\u0219ti ale Patriarhului vor fi transferate la Catedrala Sf\u00e2nta Treime, cunoscut\u0103 sub numele de Catedrala Sameba. Detalii suplimentare vor fi comunicate odat\u0103 ce Sinodul va lua deciziile necesare\u201d,<\/em> a declarat preotul Andria Jaghmaidze, \u0219eful biroului de pres\u0103 al Patriarhiei Georgiene, conform <a href=\"https:\/\/basilica.ro\/georgia-sfantul-sinod-funeralii-patriarhul-ilia\/\" target=\"_blank\" rel=\"noopener\">Basilica.ro<\/a>.<\/p>\n<p>Dup\u0103 finalizarea \u0219edin\u021bei, trupul ne\u00eensufle\u021bit al Patriarhului Ilia al II-lea va fi transportat \u00een procesiune c\u0103tre Catedrala Patriarhal\u0103 Sf\u00e2nta Treime din Tbilisi. Aceast\u0103 procesiune este programat\u0103 s\u0103 \u00eenceap\u0103 la ora 16:00, conform informa\u021biilor furnizate de Serviciul de Rela\u021bii Publice al Patriarhiei Georgiene.<\/p>\n<p>Patriarhul <a href=\"https:\/\/www.mediafax.ro\/social\/preafericitul-parinte-ilia-al-ii-lea-patriarhul-georgiei-a-murit-la-varsta-de-93-de-ani-23705009\" target=\"_blank\" rel=\"noopener\">Ilia al II-lea al Georgiei<\/a>, care se afla internat \u00eentr-un centru medical din Georgia din cauza unor s\u00e2nger\u0103ri interne, a decedat mar\u021bi sear\u0103, la v\u00e2rsta de 93 de ani. Ca urmare a acestei pierderi, \u00een Georgia a fost instituit doliu na\u021bional.<\/p>\n<p><em>\u201eA fost o personalitate de excep\u021bie; reprezint\u0103 o pierdere imens\u0103 pentru \u00eentreaga Biseric\u0103 Ortodox\u0103\u201d,<\/em> a afirmat mitropolitul Shio Mujiri, care a preluat temporar conducerea bisericii p\u00e2n\u0103 la alegerea unui nou patriarh, conform <a href=\"https:\/\/apnews.com\/article\/georgia-orthodox-patriarch-ilia-obit-e2dbad9c5b6d6bd1b99aef096bb7e313\" target=\"_blank\" rel=\"noopener\">Associated Press<\/a>.<\/p>\n<p>\u00cenalt Preasfin\u021bitul Daniel al Rom\u00e2niei a transmis un mesaj de condolean\u021be<\/p>\n<p>\u00cenalta Preasfin\u021bie a lui Daniel al Rom\u00e2niei a comunicat, mar\u021bi sear\u0103, un mesaj de condolean\u021be \u00een urma dispari\u021biei Patriarhului Ilia al II-lea.<\/p>\n<p><em>\u201eCu profund\u0103 \u00eentristare, am primit vestea trecerii din aceast\u0103 lume a preaiubitului nostru frate \u00een Hristos, vrednicul de pomenire Ilia al II-lea, Patriarhul Catolicos al \u00centregii Georgii. A fost o personalitate venerabil\u0103 a Ortodoxiei contemporane \u0219i un m\u0103rturisitor statornic al credin\u021bei, care a p\u0103storit cu \u00een\u021belepciune Biserica Ortodox\u0103 a Georgiei, at\u00e2t \u00een vremuri de \u00eencercare, c\u00e2t \u0219i de \u00eennoire.\u201d<\/em><\/p>\n<p><em>\u201e\u00cen numele ierarhilor, clerului \u0219i credincio\u0219ilor Bisericii Ortodoxe Rom\u00e2ne, adres\u0103m condolean\u021be membrilor Sf\u00e2ntului Sinod \u0219i \u00eentregii Biserici Ortodoxe a Georgiei\u201d,<\/em> se men\u021bioneaz\u0103 \u00een mesajul transmis de Patriarhul Daniel al Bisericii Ortodoxe Rom\u00e2ne.<\/p>\n<p>Ilia al II-lea a condus Biserica Ortodox\u0103 din Georgia timp de aproape cinci decenii, prelu\u00e2nd conducerea \u00een 1977, \u00eentr-o perioad\u0103 \u00een care Georgia f\u0103cea parte din Uniunea Sovietic\u0103, iar practicile religioase erau restric\u021bionate. Dup\u0103 rec\u0103p\u0103tarea independen\u021bei, el a continuat s\u0103 fie o figur\u0103 de referin\u021b\u0103 at\u00e2t spiritual\u0103, c\u00e2t \u0219i public\u0103.<\/p>\n","protected":false},"excerpt":{"rendered":"<p>\u201eSinodul se va \u00eentruni la ora 14:00, ora local\u0103, \u00een conformitate cu tradi\u021bia bisericeasc\u0103, pentru a discuta diversele aspecte legate de \u00eenmorm\u00e2ntarea Patriarhului. Dup\u0103 \u00eencheierea \u0219edin\u021bei, r\u0103m\u0103\u0219i\u021bele p\u0103m\u00e2nte\u0219ti ale Patriarhului vor fi transferate la Catedrala Sf\u00e2nta Treime, cunoscut\u0103 sub numele de Catedrala Sameba. Detalii suplimentare vor fi comunicate odat\u0103 ce Sinodul va lua deciziile necesare\u201d, [&hellip;]<\/p>\n","protected":false},"author":2,"featured_media":9247,"comment_status":"open","ping_status":"open","sticky":false,"template":"","format":"standard","meta":{"jnews-multi-image_gallery":[],"jnews_single_post":[],"jnews_primary_category":[],"jnews_override_counter":[],"footnotes":""},"categories":[39],"tags":[12059,2546,12060,9166,12058,12061,12057,12062],"class_list":["post-9246","post","type-post","status-publish","format-standard","has-post-thumbnail","hentry","category-stirile-zilei","tag-catedrala-sfanta-treime","tag-georgia","tag-ilia-al-ii-lea","tag-inmormantare","tag-patriarh","tag-procesiune","tag-sinod","tag-traditie-bisericeasca"],"_links":{"self":[{"href":"https:\/\/www.newsrecorder.ro\/app\/wp-json\/wp\/v2\/posts\/9246","targetHints":{"allow":["GET"]}}],"collection":[{"href":"https:\/\/www.newsrecorder.ro\/app\/wp-json\/wp\/v2\/posts"}],"about":[{"href":"https:\/\/www.newsrecorder.ro\/app\/wp-json\/wp\/v2\/types\/post"}],"author":[{"embeddable":true,"href":"https:\/\/www.newsrecorder.ro\/app\/wp-json\/wp\/v2\/users\/2"}],"replies":[{"embeddable":true,"href":"https:\/\/www.newsrecorder.ro\/app\/wp-json\/wp\/v2\/comments?post=9246"}],"version-history":[{"count":0,"href":"https:\/\/www.newsrecorder.ro\/app\/wp-json\/wp\/v2\/posts\/9246\/revisions"}],"wp:featuredmedia":[{"embeddable":true,"href":"https:\/\/www.newsrecorder.ro\/app\/wp-json\/wp\/v2\/media\/9247"}],"wp:attachment":[{"href":"https:\/\/www.newsrecorder.ro\/app\/wp-json\/wp\/v2\/media?parent=9246"}],"wp:term":[{"taxonomy":"category","embeddable":true,"href":"https:\/\/www.newsrecorder.ro\/app\/wp-json\/wp\/v2\/categories?post=9246"},{"taxonomy":"post_tag","embeddable":true,"href":"https:\/\/www.newsrecorder.ro\/app\/wp-json\/wp\/v2\/tags?post=9246"}],"curies":[{"name":"wp","href":"https:\/\/api.w.org\/{rel}","templated":true}]}}