{"id":9250,"date":"2026-03-18T11:44:18","date_gmt":"2026-03-18T11:44:18","guid":{"rendered":"https:\/\/www.newsrecorder.ro\/app\/2026\/03\/18\/florin-citu-romania-lider-in-ue-la-inflatie-critici-aspre-pentru-guvern\/"},"modified":"2026-03-18T11:44:18","modified_gmt":"2026-03-18T11:44:18","slug":"florin-citu-romania-lider-in-ue-la-inflatie-critici-aspre-pentru-guvern","status":"publish","type":"post","link":"https:\/\/www.newsrecorder.ro\/app\/2026\/03\/18\/florin-citu-romania-lider-in-ue-la-inflatie-critici-aspre-pentru-guvern\/","title":{"rendered":"Florin C\u00ee\u021bu: Rom\u00e2nia, lider \u00een UE la infla\u021bie! Critici aspre pentru Guvern"},"content":{"rendered":"<p>Florin C\u00ee\u021bu, fostul premier \u0219i ministru de Finan\u021be, a lansat o critic\u0103 dur\u0103 la adresa Guvernului Rom\u00e2niei, eviden\u021biind problemele infla\u021biei care afecteaz\u0103 puterea de cump\u0103rare a cet\u0103\u021benilor \u0219i economia na\u021bional\u0103. Acesta a f\u0103cut declara\u021biile \u00een cadrul unei post\u0103ri pe Facebook, subliniind gravitatea situa\u021biei actuale.<\/p>\n<p>\u201eWe\u2019re still number one!!! \u00cen februarie, Rom\u00e2nia r\u0103m\u00e2ne pe locul 1 \u00een UE la infla\u021bie, cu peste 8%, adic\u0103 de aproape patru ori mai mult dec\u00e2t media Uniunii Europene\u201d, a afirmat C\u00ee\u021bu, f\u0103c\u00e2nd referire la clasamentul infla\u021biei din Europa.<\/p>\n<p>Fostul premier a argumentat c\u0103 aceast\u0103 stare de fapt este rezultatul politicilor implementate de guvern, care, \u00een opinia sa, au un impact negativ asupra consumului. \u201e\u00cenc\u0103 o dovad\u0103 c\u0103 r\u0103zboiul guvernului cu consumul continu\u0103. Trebuie s\u0103 recunoa\u0219tem, guvernul \u0219i-a declarat r\u0103zboi consumului \u0219i se \u021bine de cuv\u00e2nt\u201d, a ad\u0103ugat el.<\/p>\n<p>C\u00ee\u021bu a subliniat c\u0103 efectele infla\u021biei sunt resim\u021bite direct de popula\u021bie, pun\u00e2nd \u00een eviden\u021b\u0103 faptul c\u0103 aceasta duce la o s\u0103r\u0103cire continu\u0103. \u201eS\u0103r\u0103cirea prin infla\u021bie merge ceas\u201d, a spus el, accentu\u00e2nd gravitatea situa\u021biei economice.<\/p>\n<p>De asemenea, fostul premier a ridicat o preocupare legat\u0103 de impactul sc\u0103derii consumului asupra economiei \u0219i mediului de afaceri. \u201eLa final, r\u0103m\u00e2ne \u00eentrebarea simpl\u0103: cine mai cump\u0103r\u0103 ce produc companiile rom\u00e2ne\u0219ti?\u201d a \u00eentrebat C\u00ee\u021bu, suger\u00e2nd c\u0103 viitorul companiilor autohtone este \u00een pericol din cauza acestei crize economice.<\/p>\n","protected":false},"excerpt":{"rendered":"<p>Florin C\u00ee\u021bu, fostul premier \u0219i ministru de Finan\u021be, a lansat o critic\u0103 dur\u0103 la adresa Guvernului Rom\u00e2niei, eviden\u021biind problemele infla\u021biei care afecteaz\u0103 puterea de cump\u0103rare a cet\u0103\u021benilor \u0219i economia na\u021bional\u0103. Acesta a f\u0103cut declara\u021biile \u00een cadrul unei post\u0103ri pe Facebook, subliniind gravitatea situa\u021biei actuale. \u201eWe\u2019re still number one!!! \u00cen februarie, Rom\u00e2nia r\u0103m\u00e2ne pe locul 1 [&hellip;]<\/p>\n","protected":false},"author":2,"featured_media":9251,"comment_status":"open","ping_status":"open","sticky":false,"template":"","format":"standard","meta":{"jnews-multi-image_gallery":[],"jnews_single_post":[],"jnews_primary_category":[],"jnews_override_counter":[],"footnotes":""},"categories":[39],"tags":[3479,11840,2727,12063,4696,778,12064,2139],"class_list":["post-9250","post","type-post","status-publish","format-standard","has-post-thumbnail","hentry","category-stirile-zilei","tag-consum","tag-economie-nationala","tag-facebook","tag-florin-citu","tag-guvern-romania","tag-inflatie","tag-politici-guvernamentale","tag-puterea-de-cumparare"],"_links":{"self":[{"href":"https:\/\/www.newsrecorder.ro\/app\/wp-json\/wp\/v2\/posts\/9250","targetHints":{"allow":["GET"]}}],"collection":[{"href":"https:\/\/www.newsrecorder.ro\/app\/wp-json\/wp\/v2\/posts"}],"about":[{"href":"https:\/\/www.newsrecorder.ro\/app\/wp-json\/wp\/v2\/types\/post"}],"author":[{"embeddable":true,"href":"https:\/\/www.newsrecorder.ro\/app\/wp-json\/wp\/v2\/users\/2"}],"replies":[{"embeddable":true,"href":"https:\/\/www.newsrecorder.ro\/app\/wp-json\/wp\/v2\/comments?post=9250"}],"version-history":[{"count":0,"href":"https:\/\/www.newsrecorder.ro\/app\/wp-json\/wp\/v2\/posts\/9250\/revisions"}],"wp:featuredmedia":[{"embeddable":true,"href":"https:\/\/www.newsrecorder.ro\/app\/wp-json\/wp\/v2\/media\/9251"}],"wp:attachment":[{"href":"https:\/\/www.newsrecorder.ro\/app\/wp-json\/wp\/v2\/media?parent=9250"}],"wp:term":[{"taxonomy":"category","embeddable":true,"href":"https:\/\/www.newsrecorder.ro\/app\/wp-json\/wp\/v2\/categories?post=9250"},{"taxonomy":"post_tag","embeddable":true,"href":"https:\/\/www.newsrecorder.ro\/app\/wp-json\/wp\/v2\/tags?post=9250"}],"curies":[{"name":"wp","href":"https:\/\/api.w.org\/{rel}","templated":true}]}}