{"id":9256,"date":"2026-03-18T15:27:18","date_gmt":"2026-03-18T15:27:18","guid":{"rendered":"https:\/\/www.newsrecorder.ro\/app\/2026\/03\/18\/dublin-sarbatoreste-st-patrick-peste-500-000-de-oameni-la-parada-cu-paul-mescal\/"},"modified":"2026-03-18T15:27:18","modified_gmt":"2026-03-18T15:27:18","slug":"dublin-sarbatoreste-st-patrick-peste-500-000-de-oameni-la-parada-cu-paul-mescal","status":"publish","type":"post","link":"https:\/\/www.newsrecorder.ro\/app\/2026\/03\/18\/dublin-sarbatoreste-st-patrick-peste-500-000-de-oameni-la-parada-cu-paul-mescal\/","title":{"rendered":"Dublin s\u0103rb\u0103tore\u0219te St. Patrick: Peste 500.000 de oameni la parad\u0103 cu Paul Mescal!"},"content":{"rendered":"<p>Parada principal\u0103 din Dublin a reu\u0219it s\u0103 atrag\u0103 un num\u0103r impresionant de peste 500.000 de spectatori, desf\u0103\u0219ur\u00e2ndu-se pe traseul ce leag\u0103 Parnell Square de Kevin Street. Evenimentul a reunit aproximativ 3.000 de participan\u021bi activi \u0219i 12 care alegorice, oferind un spectacol vizual deosebit. Tema aleas\u0103 pentru edi\u021bia din acest an, \u201eRoots\u201d, a subliniat aspecte esen\u021biale precum identitatea, tradi\u021biile \u0219i leg\u0103tura profund\u0103 a Irlandei cu diaspora sa global\u0103, conform informa\u021biilor de la <a href=\"https:\/\/www.euronews.com\/video\/2026\/03\/18\/dublin-st-patricks-parade-draws-500000-as-paul-mescal-leads-festivities\" target=\"_blank\" rel=\"noopener\">Euronews<\/a>.<\/p>\n<p>Evenimentul a fost o adev\u0103rat\u0103 s\u0103rb\u0103toare cultural\u0103, incluz\u00e2nd arti\u0219ti \u0219i dansatori din Irlanda, trupe interna\u021bionale din Statele Unite \u0219i Sco\u021bia, momente acrobatice captivante \u0219i spectacole de strad\u0103. Muzica tradi\u021bional\u0103 irlandez\u0103 a r\u0103sunat pe tot parcursul paradei, iar actorul Paul Mescal, recunoscut la nivel interna\u021bional pentru rolurile sale, a fost mare\u0219alul paradei, conduc\u00e2nd festivit\u0103\u021bile cu un farmec deosebit.<\/p>\n<p><strong>Festival de patru zile \u00een Dublin<\/strong><\/p>\n<p>Parada a constituit v\u00e2rful de lance al unui festival vibrant desf\u0103\u0219urat \u00eentre 14 \u0219i 17 martie, care a transformat Dublinul \u00eentr-un spa\u021biu cultural deschis, plin de via\u021b\u0103. Printre evenimentele de marc\u0103 s-au num\u0103rat un mare c\u00e9il\u00ed (dans tradi\u021bional) \u00een Merrion Square, concerte la 3Arena \u0219i spectacole la National Concert Hall. Organizatorii au subliniat rolul acestui festival de a celebra patrimoniul irlandez \u00eentr-un context global plin de incertitudini.<\/p>\n<p dir=\"ltr\" lang=\"en\">St Patrick Day Parade Dublin Ireland<a href=\"https:\/\/twitter.com\/hashtag\/StPatrickDay2026?src=hash&amp;ref_src=twsrc%5Etfw\">#StPatrickDay2026<\/a> <a href=\"https:\/\/t.co\/OSfeoWFruQ\">pic.twitter.com\/OSfeoWFruQ<\/a><\/p>\n<p>\u2014 Majid Hyderi (@Hussain98658745) <a href=\"https:\/\/twitter.com\/Hussain98658745\/status\/2033985918407758269?ref_src=twsrc%5Etfw\">March 17, 2026<\/a><\/p>\n<p>Ziua Sf\u00e2ntului Patrick este s\u0103rb\u0103torit\u0103 nu doar \u00een Irlanda, ci \u0219i \u00een \u00eentreaga lume. Ora\u0219e precum New York \u0219i Chicago organizeaz\u0103 anual parade similare, care atrag milioane de oameni \u0219i \u00eent\u0103resc leg\u0103turile culturale ale diasporei irlandeze. Totu\u0219i, evenimentul de la Dublin r\u0103m\u00e2ne cel mai autentic \u0219i simbolic, fiind recunoscut ca inima acestor s\u0103rb\u0103tori de pe tot <a href=\"https:\/\/www.mediafax.ro\/externe\/economia-europei-in-2025-cine-a-crescut-cel-mai-mult-si-de-ce-germania-ramane-in-urma-23704452\" target=\"_blank\" rel=\"noopener\">mapamond<\/a>.<\/p>\n","protected":false},"excerpt":{"rendered":"<p>Parada principal\u0103 din Dublin a reu\u0219it s\u0103 atrag\u0103 un num\u0103r impresionant de peste 500.000 de spectatori, desf\u0103\u0219ur\u00e2ndu-se pe traseul ce leag\u0103 Parnell Square de Kevin Street. Evenimentul a reunit aproximativ 3.000 de participan\u021bi activi \u0219i 12 care alegorice, oferind un spectacol vizual deosebit. Tema aleas\u0103 pentru edi\u021bia din acest an, \u201eRoots\u201d, a subliniat aspecte esen\u021biale [&hellip;]<\/p>\n","protected":false},"author":7,"featured_media":9257,"comment_status":"open","ping_status":"open","sticky":false,"template":"","format":"standard","meta":{"jnews-multi-image_gallery":[],"jnews_single_post":[],"jnews_primary_category":[],"jnews_override_counter":[],"footnotes":""},"categories":[43],"tags":[11755,245,2584,12074,12072,12073,4414,1469],"class_list":["post-9256","post","type-post","status-publish","format-standard","has-post-thumbnail","hentry","category-cultura","tag-diaspora","tag-festival","tag-identitate","tag-muzica-irlandeza","tag-parada-dublin","tag-participanti","tag-spectatori","tag-traditii"],"_links":{"self":[{"href":"https:\/\/www.newsrecorder.ro\/app\/wp-json\/wp\/v2\/posts\/9256","targetHints":{"allow":["GET"]}}],"collection":[{"href":"https:\/\/www.newsrecorder.ro\/app\/wp-json\/wp\/v2\/posts"}],"about":[{"href":"https:\/\/www.newsrecorder.ro\/app\/wp-json\/wp\/v2\/types\/post"}],"author":[{"embeddable":true,"href":"https:\/\/www.newsrecorder.ro\/app\/wp-json\/wp\/v2\/users\/7"}],"replies":[{"embeddable":true,"href":"https:\/\/www.newsrecorder.ro\/app\/wp-json\/wp\/v2\/comments?post=9256"}],"version-history":[{"count":0,"href":"https:\/\/www.newsrecorder.ro\/app\/wp-json\/wp\/v2\/posts\/9256\/revisions"}],"wp:featuredmedia":[{"embeddable":true,"href":"https:\/\/www.newsrecorder.ro\/app\/wp-json\/wp\/v2\/media\/9257"}],"wp:attachment":[{"href":"https:\/\/www.newsrecorder.ro\/app\/wp-json\/wp\/v2\/media?parent=9256"}],"wp:term":[{"taxonomy":"category","embeddable":true,"href":"https:\/\/www.newsrecorder.ro\/app\/wp-json\/wp\/v2\/categories?post=9256"},{"taxonomy":"post_tag","embeddable":true,"href":"https:\/\/www.newsrecorder.ro\/app\/wp-json\/wp\/v2\/tags?post=9256"}],"curies":[{"name":"wp","href":"https:\/\/api.w.org\/{rel}","templated":true}]}}