{"id":9260,"date":"2026-03-18T15:27:50","date_gmt":"2026-03-18T15:27:50","guid":{"rendered":"https:\/\/www.newsrecorder.ro\/app\/2026\/03\/18\/siegfried-muresan-psd-tradator-de-coalitie-plange-acum-de-aur\/"},"modified":"2026-03-18T15:27:50","modified_gmt":"2026-03-18T15:27:50","slug":"siegfried-muresan-psd-tradator-de-coalitie-plange-acum-de-aur","status":"publish","type":"post","link":"https:\/\/www.newsrecorder.ro\/app\/2026\/03\/18\/siegfried-muresan-psd-tradator-de-coalitie-plange-acum-de-aur\/","title":{"rendered":"Siegfried Mure\u0219an: PSD, tr\u0103d\u0103tor de coali\u021bie, pl\u00e2nge acum de AUR!"},"content":{"rendered":"<p>Mure\u0219an a comentat recent despre comportamentul PSD \u0219i AUR, afirm\u00e2nd c\u0103 \u201ea\u0219a se comport\u0103 partidele extremiste \u0219i populiste peste tot \u00een Europa\u201d, subliniind c\u0103 \u201efoarte rar reu\u0219esc s\u0103 ajung\u0103 la un acord\u201d.<\/p>\n<p>Conform afirma\u021biilor sale, \u201ePSD a vrut s\u0103 tr\u0103deze acordul din coali\u021bie \u0219i s\u0103 saboteze bugetul \u00een Parlament cu ajutorul voturilor AUR. Acum, PSD se pl\u00e2nge c\u0103 a fost tr\u0103dat de AUR la vot\u201d. Mure\u0219an a eviden\u021biat, \u00een aceast\u0103 privin\u021b\u0103, comportamentul specific al partidelor extremiste \u0219i populiste, care se torpileaz\u0103 \u00eentre ele \u0219i se tr\u0103deaz\u0103, av\u00e2nd foarte pu\u021bine \u0219anse de a ajunge la un consens.<\/p>\n<p>Liberalul a f\u0103cut apel la PSD s\u0103 ia o decizie important\u0103: s\u0103 continue s\u0103 ac\u021bioneze \u201eca un partid populist, al\u0103turi de AUR\u201d, sau s\u0103 se comporte \u201eca un partid responsabil\u201d, colabor\u00e2nd cu partenerii de coali\u021bie.<\/p>\n","protected":false},"excerpt":{"rendered":"<p>Mure\u0219an a comentat recent despre comportamentul PSD \u0219i AUR, afirm\u00e2nd c\u0103 \u201ea\u0219a se comport\u0103 partidele extremiste \u0219i populiste peste tot \u00een Europa\u201d, subliniind c\u0103 \u201efoarte rar reu\u0219esc s\u0103 ajung\u0103 la un acord\u201d. Conform afirma\u021biilor sale, \u201ePSD a vrut s\u0103 tr\u0103deze acordul din coali\u021bie \u0219i s\u0103 saboteze bugetul \u00een Parlament cu ajutorul voturilor AUR. Acum, PSD [&hellip;]<\/p>\n","protected":false},"author":2,"featured_media":9261,"comment_status":"open","ping_status":"open","sticky":false,"template":"","format":"standard","meta":{"jnews-multi-image_gallery":[],"jnews_single_post":[],"jnews_primary_category":[],"jnews_override_counter":[],"footnotes":""},"categories":[42],"tags":[1916,1068,636,5693,12075,12076,12077,300],"class_list":["post-9260","post","type-post","status-publish","format-standard","has-post-thumbnail","hentry","category-politica","tag-aur","tag-buget","tag-coalitie","tag-consens","tag-muresan","tag-partide-extremiste","tag-populiste","tag-psd"],"_links":{"self":[{"href":"https:\/\/www.newsrecorder.ro\/app\/wp-json\/wp\/v2\/posts\/9260","targetHints":{"allow":["GET"]}}],"collection":[{"href":"https:\/\/www.newsrecorder.ro\/app\/wp-json\/wp\/v2\/posts"}],"about":[{"href":"https:\/\/www.newsrecorder.ro\/app\/wp-json\/wp\/v2\/types\/post"}],"author":[{"embeddable":true,"href":"https:\/\/www.newsrecorder.ro\/app\/wp-json\/wp\/v2\/users\/2"}],"replies":[{"embeddable":true,"href":"https:\/\/www.newsrecorder.ro\/app\/wp-json\/wp\/v2\/comments?post=9260"}],"version-history":[{"count":0,"href":"https:\/\/www.newsrecorder.ro\/app\/wp-json\/wp\/v2\/posts\/9260\/revisions"}],"wp:featuredmedia":[{"embeddable":true,"href":"https:\/\/www.newsrecorder.ro\/app\/wp-json\/wp\/v2\/media\/9261"}],"wp:attachment":[{"href":"https:\/\/www.newsrecorder.ro\/app\/wp-json\/wp\/v2\/media?parent=9260"}],"wp:term":[{"taxonomy":"category","embeddable":true,"href":"https:\/\/www.newsrecorder.ro\/app\/wp-json\/wp\/v2\/categories?post=9260"},{"taxonomy":"post_tag","embeddable":true,"href":"https:\/\/www.newsrecorder.ro\/app\/wp-json\/wp\/v2\/tags?post=9260"}],"curies":[{"name":"wp","href":"https:\/\/api.w.org\/{rel}","templated":true}]}}