{"id":9274,"date":"2026-03-18T20:31:55","date_gmt":"2026-03-18T20:31:55","guid":{"rendered":"https:\/\/www.newsrecorder.ro\/app\/2026\/03\/18\/argentina-intalneste-guatemala-intr-un-amical-surpriza-dupa-finalissima-anulata\/"},"modified":"2026-03-18T20:31:55","modified_gmt":"2026-03-18T20:31:55","slug":"argentina-intalneste-guatemala-intr-un-amical-surpriza-dupa-finalissima-anulata","status":"publish","type":"post","link":"https:\/\/www.newsrecorder.ro\/app\/2026\/03\/18\/argentina-intalneste-guatemala-intr-un-amical-surpriza-dupa-finalissima-anulata\/","title":{"rendered":"Argentina \u00eent\u00e2lne\u0219te Guatemala \u00eentr-un amical surpriz\u0103 dup\u0103 Finalissima anulat\u0103!"},"content":{"rendered":"<p>Ca urmare a <a href=\"https:\/\/www.mediafax.ro\/stirile-zilei\/meciul-finalissima-dintre-spania-si-argentina-din-qatar-anulat-din-cauza-conflictului-din-orientul-mijlociu-23703355\" target=\"_blank\" rel=\"noopener\">anul\u0103rii<\/a> Finalissima, echipa na\u021bional\u0103 a Argentinei, sub conducerea lui Lionel Scaloni, se va reuni \u00een Argentina pentru o s\u0103pt\u0103m\u00e2n\u0103 de antrenamente intense \u00eenainte de meciul amical programat \u00eempotriva Guatemalei, pe 31 martie. Detalii precum programul de antrenamente, lista juc\u0103torilor convoca\u021bi \u0219i stadionul unde va avea loc partida vor fi comunicate \u00een cur\u00e2nd de c\u0103tre Asocia\u021bia Argentinian\u0103 de Fotbal (AFA).<\/p>\n<p>\u00cen mod ini\u021bial, \u00eent\u00e2lnirea de pe 31 martie era planificat\u0103 ca un meci amical \u00eentre Argentina \u0219i Qatar.<\/p>\n<p>Finalissima ar fi fost un duel \u00eentre Spania, campioana Europei 2024, \u0219i Argentina, c\u00e2\u0219tig\u0103toarea Copa America 2024. Totu\u0219i, discu\u021biile dintre UEFA, CONMEBOL \u0219i AFA au e\u0219uat din cauza tulbur\u0103rilor cauzate de conflictul din Orientul Mijlociu.<\/p>\n<p>Pe de alt\u0103 parte, Federa\u021bia Spaniol\u0103 de Fotbal (RFEF) a anun\u021bat luni c\u0103 echipa na\u021bional\u0103 a Spaniei va juca un meci amical \u00eempotriva Serbiei pe 27 martie, \u00een locul Finalissima, care a fost anulat\u0103.<\/p>\n<p>Argentina \u00ee\u0219i va \u00eencepe aventura la Campionatul Mondial pe 17 iunie, \u00een Grupa J, cu un meci \u00eempotriva Algeriei.<\/p>\n","protected":false},"excerpt":{"rendered":"<p>Ca urmare a anul\u0103rii Finalissima, echipa na\u021bional\u0103 a Argentinei, sub conducerea lui Lionel Scaloni, se va reuni \u00een Argentina pentru o s\u0103pt\u0103m\u00e2n\u0103 de antrenamente intense \u00eenainte de meciul amical programat \u00eempotriva Guatemalei, pe 31 martie. Detalii precum programul de antrenamente, lista juc\u0103torilor convoca\u021bi \u0219i stadionul unde va avea loc partida vor fi comunicate \u00een cur\u00e2nd [&hellip;]<\/p>\n","protected":false},"author":6,"featured_media":9275,"comment_status":"open","ping_status":"open","sticky":false,"template":"","format":"standard","meta":{"jnews-multi-image_gallery":[],"jnews_single_post":[],"jnews_primary_category":[],"jnews_override_counter":[],"footnotes":""},"categories":[46],"tags":[11855,1167,11453,9129,8811,11854,11852,11853],"class_list":["post-9274","post","type-post","status-publish","format-standard","has-post-thumbnail","hentry","category-sport","tag-afa","tag-antrenamente","tag-argentina","tag-conflict-orientul-mijlociu","tag-finalissima","tag-guatemala","tag-lionel-scaloni","tag-meci-amical"],"_links":{"self":[{"href":"https:\/\/www.newsrecorder.ro\/app\/wp-json\/wp\/v2\/posts\/9274","targetHints":{"allow":["GET"]}}],"collection":[{"href":"https:\/\/www.newsrecorder.ro\/app\/wp-json\/wp\/v2\/posts"}],"about":[{"href":"https:\/\/www.newsrecorder.ro\/app\/wp-json\/wp\/v2\/types\/post"}],"author":[{"embeddable":true,"href":"https:\/\/www.newsrecorder.ro\/app\/wp-json\/wp\/v2\/users\/6"}],"replies":[{"embeddable":true,"href":"https:\/\/www.newsrecorder.ro\/app\/wp-json\/wp\/v2\/comments?post=9274"}],"version-history":[{"count":0,"href":"https:\/\/www.newsrecorder.ro\/app\/wp-json\/wp\/v2\/posts\/9274\/revisions"}],"wp:featuredmedia":[{"embeddable":true,"href":"https:\/\/www.newsrecorder.ro\/app\/wp-json\/wp\/v2\/media\/9275"}],"wp:attachment":[{"href":"https:\/\/www.newsrecorder.ro\/app\/wp-json\/wp\/v2\/media?parent=9274"}],"wp:term":[{"taxonomy":"category","embeddable":true,"href":"https:\/\/www.newsrecorder.ro\/app\/wp-json\/wp\/v2\/categories?post=9274"},{"taxonomy":"post_tag","embeddable":true,"href":"https:\/\/www.newsrecorder.ro\/app\/wp-json\/wp\/v2\/tags?post=9274"}],"curies":[{"name":"wp","href":"https:\/\/api.w.org\/{rel}","templated":true}]}}