{"id":9298,"date":"2026-03-18T20:35:48","date_gmt":"2026-03-18T20:35:48","guid":{"rendered":"https:\/\/www.newsrecorder.ro\/app\/2026\/03\/18\/previziuni-meteo-surprinzatoare-pentru-penultima-saptamana-din-martie\/"},"modified":"2026-03-18T20:35:48","modified_gmt":"2026-03-18T20:35:48","slug":"previziuni-meteo-surprinzatoare-pentru-penultima-saptamana-din-martie","status":"publish","type":"post","link":"https:\/\/www.newsrecorder.ro\/app\/2026\/03\/18\/previziuni-meteo-surprinzatoare-pentru-penultima-saptamana-din-martie\/","title":{"rendered":"Previziuni meteo surprinz\u0103toare pentru penultima s\u0103pt\u0103m\u00e2n\u0103 din martie!"},"content":{"rendered":"<p>\u00cen urm\u0103toarele zile, vremea va r\u0103m\u00e2ne \u00een general pl\u0103cut\u0103 \u0219i relativ bl\u00e2nd\u0103, cu temperaturi ce se vor situa la niveluri apropiate sau u\u0219or peste cele normale pentru aceast\u0103 perioad\u0103, conform prognozei meteorologice a ANM pentru intervalul 15\u201319 martie.<\/p>\n<p>\u00cen regiunile vestice \u0219i nord-vestice ale \u021b\u0103rii, maximele termice ar putea atinge valori de p\u00e2n\u0103 la 17 grade Celsius.<\/p>\n<p>\u00cen ziua de 15 martie \u0219i \u00een noaptea ce urmeaz\u0103, vremea se va \u00eenc\u0103lzi mai mult dec\u00e2t de obicei \u00een zonele intracarpatice, unde cerul va fi predominant senin.<\/p>\n<p>Pe parcursul zilei, \u00een restul \u021b\u0103rii, cerul va prezenta variabilitate, iar diminea\u021ba \u0219i noaptea se vor \u00eenregistra nori jo\u0219i sau cea\u021b\u0103 pe alocuri. Temperaturile maxime se vor \u00eencadra \u00eentre 9 \u0219i 17 grade, \u00een timp ce temperaturile minime vor varia \u00eentre -8 \u0219i 5 grade.<\/p>\n<p>Pentru perioada 16\u201317 martie, meteorologii prev\u0103d temperaturi similare, cu cer variabil \u0219i posibilitatea de cea\u021b\u0103 sau nebulozitate joas\u0103 \u00een dimine\u021bile \u0219i nop\u021bile de pe arii restr\u00e2nse, \u00een special \u00een sud-estul \u021b\u0103rii. La altitudini mari \u00een Carpa\u021bii Meridionali, se pot \u00eenregistra precipita\u021bii slabe mixte. Maximele vor ajunge la aproximativ 17 grade \u00een Dealurile de Vest, iar minimele vor sc\u0103dea p\u00e2n\u0103 la -7 grade \u00een depresiunile estice ale Transilvaniei.<\/p>\n<p>\u00cen perioada 17\u201318 martie, temperaturile diurne vor continua s\u0103 fie peste normalul acestei perioade \u00een regiunile vestice, nord-vestice \u0219i centrale, \u00een timp ce \u00een restul \u021b\u0103rii valorile se vor apropia de mediile climatologice. Cerul va fi temporar noros, iar \u00een regiunile vestice \u0219i sud-vestice pot ap\u0103rea ploi slabe seara \u0219i noaptea.<\/p>\n<p>\u00centre 18 \u0219i 19 martie, regimul termic va r\u0103m\u00e2ne similar, cu maxime \u00eentre 9 \u0219i 17 grade \u0219i minime \u00eentre -7 \u0219i 6 grade. \u00cen Moldova, exist\u0103 posibilitatea de precipita\u021bii slabe, mixte la c\u00e2mpie \u0219i sub form\u0103 de ninsoare \u00een zonele montane.<\/p>\n<p>\u00cen Bucure\u0219ti, vremea se va men\u021bine stabil\u0103 \u00een zilele urm\u0103toare. Temperaturile maxime vor fluctua \u00eentre 11 \u0219i 14 grade, iar minimele vor cobor\u00ee la valori \u00eentre -1 \u0219i 3 grade. Cerul va fi variabil, cu nebulozitate joas\u0103 sau cea\u021b\u0103 \u00een special la \u00eenceputul zilelor \u0219i \u00een a doua parte a nop\u021bilor.<\/p>\n<p>Pentru intervalul 19\u201322 martie, meteorologii estimeaz\u0103 c\u0103 temperaturile se vor men\u021bine apropiate de nivelurile normale pentru aceast\u0103 perioad\u0103, iar probabilitatea de precipita\u021bii va fi mai crescut\u0103 la \u00eenceputul intervalului, \u00een estul \u0219i sud-estul \u021b\u0103rii.<\/p>\n","protected":false},"excerpt":{"rendered":"<p>\u00cen urm\u0103toarele zile, vremea va r\u0103m\u00e2ne \u00een general pl\u0103cut\u0103 \u0219i relativ bl\u00e2nd\u0103, cu temperaturi ce se vor situa la niveluri apropiate sau u\u0219or peste cele normale pentru aceast\u0103 perioad\u0103, conform prognozei meteorologice a ANM pentru intervalul 15\u201319 martie. \u00cen regiunile vestice \u0219i nord-vestice ale \u021b\u0103rii, maximele termice ar putea atinge valori de p\u00e2n\u0103 la 17 [&hellip;]<\/p>\n","protected":false},"author":5,"featured_media":9299,"comment_status":"open","ping_status":"open","sticky":false,"template":"","format":"standard","meta":{"jnews-multi-image_gallery":[],"jnews_single_post":[],"jnews_primary_category":[],"jnews_override_counter":[],"footnotes":""},"categories":[45],"tags":[150,131,130,5163,12087,141,126,125],"class_list":["post-9298","post","type-post","status-publish","format-standard","has-post-thumbnail","hentry","category-meteo","tag-anm","tag-ceata","tag-cer-variabil","tag-martie","tag-nori-josi","tag-prognoza-meteo","tag-temperaturi","tag-vreme"],"_links":{"self":[{"href":"https:\/\/www.newsrecorder.ro\/app\/wp-json\/wp\/v2\/posts\/9298","targetHints":{"allow":["GET"]}}],"collection":[{"href":"https:\/\/www.newsrecorder.ro\/app\/wp-json\/wp\/v2\/posts"}],"about":[{"href":"https:\/\/www.newsrecorder.ro\/app\/wp-json\/wp\/v2\/types\/post"}],"author":[{"embeddable":true,"href":"https:\/\/www.newsrecorder.ro\/app\/wp-json\/wp\/v2\/users\/5"}],"replies":[{"embeddable":true,"href":"https:\/\/www.newsrecorder.ro\/app\/wp-json\/wp\/v2\/comments?post=9298"}],"version-history":[{"count":0,"href":"https:\/\/www.newsrecorder.ro\/app\/wp-json\/wp\/v2\/posts\/9298\/revisions"}],"wp:featuredmedia":[{"embeddable":true,"href":"https:\/\/www.newsrecorder.ro\/app\/wp-json\/wp\/v2\/media\/9299"}],"wp:attachment":[{"href":"https:\/\/www.newsrecorder.ro\/app\/wp-json\/wp\/v2\/media?parent=9298"}],"wp:term":[{"taxonomy":"category","embeddable":true,"href":"https:\/\/www.newsrecorder.ro\/app\/wp-json\/wp\/v2\/categories?post=9298"},{"taxonomy":"post_tag","embeddable":true,"href":"https:\/\/www.newsrecorder.ro\/app\/wp-json\/wp\/v2\/tags?post=9298"}],"curies":[{"name":"wp","href":"https:\/\/api.w.org\/{rel}","templated":true}]}}