{"id":9312,"date":"2026-03-18T20:38:14","date_gmt":"2026-03-18T20:38:14","guid":{"rendered":"https:\/\/www.newsrecorder.ro\/app\/2026\/03\/18\/vise-si-moarte-lavinia-barlogeanu-dezvaluie-puterea-amintirilor\/"},"modified":"2026-03-18T20:38:14","modified_gmt":"2026-03-18T20:38:14","slug":"vise-si-moarte-lavinia-barlogeanu-dezvaluie-puterea-amintirilor","status":"publish","type":"post","link":"https:\/\/www.newsrecorder.ro\/app\/2026\/03\/18\/vise-si-moarte-lavinia-barlogeanu-dezvaluie-puterea-amintirilor\/","title":{"rendered":"\u201eVise \u0219i moarte: Lavinia B\u00e2rlogeanu dezv\u0103luie puterea amintirilor\u201d"},"content":{"rendered":"<p>Reflec\u021bia asupra omului \u0219i a rela\u021biei sale cu moartea este un subiect profund \u0219i complex, adesea explorat de psihologi \u0219i filosofi. Mircea Eliade numea aceast\u0103 experien\u021b\u0103 \u201eMarea Trecere\u201d, iar \u00eentreb\u0103rile care se nasc din aceast\u0103 tem\u0103 sunt universale: Cum m\u0103 raportez la propria mea Trecere? De ce vis\u0103m persoane dragi care nu mai sunt printre noi? Ce \u00eenseamn\u0103 Trecerea mea \u00een fa\u021ba mor\u021bii?<\/p>\n<p>Aceste \u00eentreb\u0103ri au fost puse de Adrian Artene \u00een cadrul podcastului \u201eAltceva\u201d, un episod care merit\u0103 urm\u0103rit cu aten\u021bie, av\u00e2nd \u00een vedere profunzimea discu\u021biilor. \u00cent\u00e2lnirea cu psihoterapeuta <a href=\"https:\/\/www.mediafax.ro\/stirile-zilei\/lavinia-barlogeanu-la-podcastul-altceva-arta-e-sub-nasul-nostru-totul-e-sa-ai-curaj-sa-incepi-23703865\">Lavinia B\u00e2rlogeanu<\/a> nu este doar o simpl\u0103 conversa\u021bie, ci o adev\u0103rat\u0103 experien\u021b\u0103 de transcenden\u021b\u0103.<\/p>\n<p>\u201eEram o lum\u00e2nare\u201d<\/p>\n<p>C\u00e2nd a fost \u00eentrebat\u0103 despre modul \u00een care se manifest\u0103 apropierea mor\u021bii \u00een experien\u021bele pacien\u021bilor, Lavinia B\u00e2rlogeanu a descris aceste momente ca fiind surprinz\u0103tor de lini\u0219tite. \u201eFoarte calm, foarte calm\u201d, a afirmat ea, evoc\u00e2nd un caz impresionant relatat de un psihanalist care a vizitat o pacient\u0103 \u00een spital \u00eenainte de decesul acesteia.<\/p>\n<p>Pacienta a \u00eemp\u0103rt\u0103\u0219it psihanalistului un vis pe care l-a avut \u00een chiar ziua mor\u021bii sale, un vis cu o conota\u021bie premonitorie, care a fost descris astfel: \u201eImaginea din vis era foarte senin\u0103. Spunea: eram o lum\u00e2nare pe pervazul ferestrei \u0219i vedeam lum\u00e2narea \u00een interiorul salonului. La un moment dat am v\u0103zut c\u0103 lum\u00e2narea trece prin fereastr\u0103 de partea cealalt\u0103 \u0219i-\u0219i men\u021bine lumina\u201d, a explicat psihoterapeuta.<\/p>\n<p>\u201eM\u0103rturii cutremur\u0103toare, sacre\u201d<\/p>\n<p>Lavinia a caracterizat aceste relat\u0103ri ca fiind \u201em\u0103rturii frumoase, cutremur\u0103toare, sacre\u201d. Ea a subliniat privilegiul de a fi terapeut \u0219i de a \u00eenso\u021bi oamenii \u00een aceste momente intime: \u201eCe dar frumos prime\u0219ti! Ce apropiere de aceast\u0103 for\u021b\u0103 a spiritului care ne leag\u0103 pe to\u021bi \u0219i ne pune la locul nostru!\u201d<\/p>\n<p>\u00cen opinia sa, experien\u021bele tr\u0103ite direct \u00een aceste momente sunt mult mai puternice dec\u00e2t orice explica\u021bie teoretic\u0103. \u201eM\u0103rturia vie este ceva inimaginabil. Este chiar mai mult dec\u00e2t a citi o carte sau a asculta o predic\u0103 \u00een biseric\u0103\u201d, a ad\u0103ugat ea.<\/p>\n<p>Discu\u021bia a trecut \u0219i la semnifica\u021bia viselor \u00een care apar persoane decedate. Adrian Artene a \u00eentrebat dac\u0103 aceste vise sunt legate de frica de moarte sau dac\u0103 au alte explica\u021bii, cum ar fi dorul sau nevoia de a procesa o pierdere.<\/p>\n<p>Lavinia B\u00e2rlogeanu a subliniat c\u0103 visele trebuie interpretate pe mai multe niveluri, ar\u0103t\u00e2nd c\u0103 psihicul uman transcende con\u0219tiin\u021ba imediat\u0103. \u201eExist\u0103 oameni care \u0219i-au dedicat \u00eentreaga via\u021b\u0103 studiului viselor \u0219i au demonstrat c\u0103 suntem mult mai mult dec\u00e2t mintea noastr\u0103 con\u0219tient\u0103. Iar visele ne arat\u0103 \u00een fiecare clip\u0103 c\u0103 suntem mai mult\u201d, a declarat ea.<\/p>\n<p>\u201eUn vis nu are niciodat\u0103 o singur\u0103 semnifica\u021bie\u201d<\/p>\n<p>Psihoterapeuta a explicat c\u0103 un vis nu se limiteaz\u0103 niciodat\u0103 la o singur\u0103 semnifica\u021bie. \u201eUn astfel de vis nu ne spune niciodat\u0103 doar un singur lucru. Trebuie s\u0103-l explor\u0103m pe mai multe planuri, inclusiv corel\u00e2ndu-l cu via\u021ba actual\u0103 a celui care a visat\u201d, a ad\u0103ugat ea.<\/p>\n<p>De asemenea, a subliniat importan\u021ba momentului \u00een care apare visul pentru interpretarea sa. \u201eFaptul c\u0103 cineva a visat azi-noapte este esen\u021bial. Azi noapte, \u0219i nu acum cinci ani sau \u00een alt moment\u201d, a afirmat B\u00e2rlogeanu.<\/p>\n","protected":false},"excerpt":{"rendered":"<p>Reflec\u021bia asupra omului \u0219i a rela\u021biei sale cu moartea este un subiect profund \u0219i complex, adesea explorat de psihologi \u0219i filosofi. Mircea Eliade numea aceast\u0103 experien\u021b\u0103 \u201eMarea Trecere\u201d, iar \u00eentreb\u0103rile care se nasc din aceast\u0103 tem\u0103 sunt universale: Cum m\u0103 raportez la propria mea Trecere? De ce vis\u0103m persoane dragi care nu mai sunt printre [&hellip;]<\/p>\n","protected":false},"author":7,"featured_media":9313,"comment_status":"open","ping_status":"open","sticky":false,"template":"","format":"standard","meta":{"jnews-multi-image_gallery":[],"jnews_single_post":[],"jnews_primary_category":[],"jnews_override_counter":[],"footnotes":""},"categories":[43],"tags":[7565,12091,11747,1824,1341,9221,754,12092],"class_list":["post-9312","post","type-post","status-publish","format-standard","has-post-thumbnail","hentry","category-cultura","tag-experienta","tag-filosofie","tag-marea-trecere","tag-moarte","tag-podcast","tag-psihologie","tag-reflectie","tag-transcendenta"],"_links":{"self":[{"href":"https:\/\/www.newsrecorder.ro\/app\/wp-json\/wp\/v2\/posts\/9312","targetHints":{"allow":["GET"]}}],"collection":[{"href":"https:\/\/www.newsrecorder.ro\/app\/wp-json\/wp\/v2\/posts"}],"about":[{"href":"https:\/\/www.newsrecorder.ro\/app\/wp-json\/wp\/v2\/types\/post"}],"author":[{"embeddable":true,"href":"https:\/\/www.newsrecorder.ro\/app\/wp-json\/wp\/v2\/users\/7"}],"replies":[{"embeddable":true,"href":"https:\/\/www.newsrecorder.ro\/app\/wp-json\/wp\/v2\/comments?post=9312"}],"version-history":[{"count":0,"href":"https:\/\/www.newsrecorder.ro\/app\/wp-json\/wp\/v2\/posts\/9312\/revisions"}],"wp:featuredmedia":[{"embeddable":true,"href":"https:\/\/www.newsrecorder.ro\/app\/wp-json\/wp\/v2\/media\/9313"}],"wp:attachment":[{"href":"https:\/\/www.newsrecorder.ro\/app\/wp-json\/wp\/v2\/media?parent=9312"}],"wp:term":[{"taxonomy":"category","embeddable":true,"href":"https:\/\/www.newsrecorder.ro\/app\/wp-json\/wp\/v2\/categories?post=9312"},{"taxonomy":"post_tag","embeddable":true,"href":"https:\/\/www.newsrecorder.ro\/app\/wp-json\/wp\/v2\/tags?post=9312"}],"curies":[{"name":"wp","href":"https:\/\/api.w.org\/{rel}","templated":true}]}}