{"id":9314,"date":"2026-03-18T21:11:04","date_gmt":"2026-03-18T21:11:04","guid":{"rendered":"https:\/\/www.newsrecorder.ro\/app\/2026\/03\/18\/dinamo-ataca-uefa-dupa-scandalul-din-derbiul-cu-rapid\/"},"modified":"2026-03-18T21:11:04","modified_gmt":"2026-03-18T21:11:04","slug":"dinamo-ataca-uefa-dupa-scandalul-din-derbiul-cu-rapid","status":"publish","type":"post","link":"https:\/\/www.newsrecorder.ro\/app\/2026\/03\/18\/dinamo-ataca-uefa-dupa-scandalul-din-derbiul-cu-rapid\/","title":{"rendered":"Dinamo atac\u0103 UEFA dup\u0103 scandalul din derbiul cu Rapid!"},"content":{"rendered":"<p>Clubul Dinamo 1948 a emis un comunicat oficial \u00een care \u00ee\u0219i exprim\u0103 nemul\u021bumirea fa\u021b\u0103 de evenimentele controversate care au avut loc \u00een timpul partidei desf\u0103\u0219urate s\u00e2mb\u0103t\u0103, 14 martie 2026, \u00eentre echipele Rapid \u0219i Dinamo.<\/p>\n<p>Reprezentan\u021bii clubului subliniaz\u0103 c\u0103 arbitrajul \u0219i deciziile luate de arbitrul central au influen\u021bat nu doar desf\u0103\u0219urarea jocului, ci \u0219i rezultatul final al \u00eent\u00e2lnirii. Ace\u0219tia au trimis o solicitare oficial\u0103 c\u0103tre Comisia Central\u0103 a Arbitrilor, cer\u00e2nd clarific\u0103ri cu privire la fazele decisive care au impactat desf\u0103\u0219urarea meciului.<\/p>\n<p>Dinamo men\u021bioneaz\u0103 c\u0103 au trecut mai mult de 48 de ore de la transmiterea acestei solicit\u0103ri, f\u0103r\u0103 a primi p\u00e2n\u0103 \u00een prezent vreun r\u0103spuns oficial. Clubul solicit\u0103, de asemenea, accesul la dialogul complet dintre arbitrul de centru \u0219i oficialul VAR referitor la faza din minutul 65 a meciului.<\/p>\n<p>Printre problemele ridicate se num\u0103r\u0103 validarea golului marcat de Claudiu Petrila, care a adus egalarea la 2. Dinamo consider\u0103 c\u0103 acest gol ar fi trebuit anulat, invoc\u00e2nd un fault comis de Andrei Borza asupra lui Alex Musi.<\/p>\n<p>Comunicatul clubului solicit\u0103 o analiz\u0103 detaliat\u0103 a conversa\u021biei de dinaintea valid\u0103rii golului, inclusiv evaluarea existen\u021bei sau inexisten\u021bei unui fault asupra juc\u0103torului Dinamo. De asemenea, se cere justificarea valid\u0103rii golului \u00een conformitate cu protocolul VAR.<\/p>\n<p>Clubul Dinamo mai solicit\u0103 ca arbitrul Istvan Kovacs s\u0103 nu mai fie delegat la meciurile echipei p\u00e2n\u0103 la clarificarea incidentului \u0219i restabilirea \u00eencrederii \u00een impar\u021bialitatea arbitrajului. \u00cen plus, se cere o analiz\u0103 urgent\u0103 a presta\u021biei \u00eentregii brig\u0103zi de arbitri \u0219i aplicarea unor m\u0103suri disciplinare corespunz\u0103toare gravit\u0103\u021bii erorilor comise.<\/p>\n<p>\u201eErorile de acest tip pot influen\u021ba decisiv rezultatul final al unui meci \u0219i pot avea consecin\u021be ireversibile \u00een economia campionatului. Punctele ob\u021binute \u00een urma unor astfel de decizii pot fi cruciale, mai ales \u00een cazul unei egalit\u0103\u021bi de puncte la finalul sezonului\u201d, avertizeaz\u0103 clubul. \u00cen \u00eencheiere, Dinamo 1948 \u00ee\u0219i rezerv\u0103 dreptul de a sesiza forurile superioare ale fotbalului european, \u00een cazul \u00een care nu se va r\u0103spunde prompt \u0219i temeinic solicit\u0103rilor adresate Comisiei Centrale a Arbitrilor.<\/p>\n","protected":false},"excerpt":{"rendered":"<p>Clubul Dinamo 1948 a emis un comunicat oficial \u00een care \u00ee\u0219i exprim\u0103 nemul\u021bumirea fa\u021b\u0103 de evenimentele controversate care au avut loc \u00een timpul partidei desf\u0103\u0219urate s\u00e2mb\u0103t\u0103, 14 martie 2026, \u00eentre echipele Rapid \u0219i Dinamo. Reprezentan\u021bii clubului subliniaz\u0103 c\u0103 arbitrajul \u0219i deciziile luate de arbitrul central au influen\u021bat nu doar desf\u0103\u0219urarea jocului, ci \u0219i rezultatul final [&hellip;]<\/p>\n","protected":false},"author":6,"featured_media":9315,"comment_status":"open","ping_status":"open","sticky":false,"template":"","format":"standard","meta":{"jnews-multi-image_gallery":[],"jnews_single_post":[],"jnews_primary_category":[],"jnews_override_counter":[],"footnotes":""},"categories":[46],"tags":[1240,11400,5661,1874,12095,4583,12093,12094],"class_list":["post-9314","post","type-post","status-publish","format-standard","has-post-thumbnail","hentry","category-sport","tag-arbitraj","tag-claudiu-petrila","tag-comisia-centrala-a-arbitrilor","tag-controversa","tag-dialog-var","tag-dinamo-1948","tag-meci-rapid-dinamo","tag-solicitate-oficiale"],"_links":{"self":[{"href":"https:\/\/www.newsrecorder.ro\/app\/wp-json\/wp\/v2\/posts\/9314","targetHints":{"allow":["GET"]}}],"collection":[{"href":"https:\/\/www.newsrecorder.ro\/app\/wp-json\/wp\/v2\/posts"}],"about":[{"href":"https:\/\/www.newsrecorder.ro\/app\/wp-json\/wp\/v2\/types\/post"}],"author":[{"embeddable":true,"href":"https:\/\/www.newsrecorder.ro\/app\/wp-json\/wp\/v2\/users\/6"}],"replies":[{"embeddable":true,"href":"https:\/\/www.newsrecorder.ro\/app\/wp-json\/wp\/v2\/comments?post=9314"}],"version-history":[{"count":0,"href":"https:\/\/www.newsrecorder.ro\/app\/wp-json\/wp\/v2\/posts\/9314\/revisions"}],"wp:featuredmedia":[{"embeddable":true,"href":"https:\/\/www.newsrecorder.ro\/app\/wp-json\/wp\/v2\/media\/9315"}],"wp:attachment":[{"href":"https:\/\/www.newsrecorder.ro\/app\/wp-json\/wp\/v2\/media?parent=9314"}],"wp:term":[{"taxonomy":"category","embeddable":true,"href":"https:\/\/www.newsrecorder.ro\/app\/wp-json\/wp\/v2\/categories?post=9314"},{"taxonomy":"post_tag","embeddable":true,"href":"https:\/\/www.newsrecorder.ro\/app\/wp-json\/wp\/v2\/tags?post=9314"}],"curies":[{"name":"wp","href":"https:\/\/api.w.org\/{rel}","templated":true}]}}