{"id":9328,"date":"2026-03-18T21:13:25","date_gmt":"2026-03-18T21:13:25","guid":{"rendered":"https:\/\/www.newsrecorder.ro\/app\/2026\/03\/18\/razvan-burleanu-reales-la-conducerea-frf-pentru-2026\/"},"modified":"2026-03-18T21:13:25","modified_gmt":"2026-03-18T21:13:25","slug":"razvan-burleanu-reales-la-conducerea-frf-pentru-2026","status":"publish","type":"post","link":"https:\/\/www.newsrecorder.ro\/app\/2026\/03\/18\/razvan-burleanu-reales-la-conducerea-frf-pentru-2026\/","title":{"rendered":"R\u0103zvan Burleanu, reales la conducerea FRF pentru 2026!"},"content":{"rendered":"<p><strong>UPDATE: R\u0103zvan Burleanu a fost reales pre\u0219edinte al Federa\u021biei Rom\u00e2ne de Fotbal cu un total de 258 de voturi. Ilie Dr\u0103gan a ob\u021binut doar 5 voturi, iar un vot a fost anulat.<\/strong><\/p>\n<p>Alegerile din cadrul Federa\u021biei Rom\u00e2ne de Fotbal (FRF) s-au desf\u0103\u0219urat \u00eentr-un climat favorabil pentru R\u0103zvan Burleanu, care a candidat f\u0103r\u0103 un adversar semnificativ. Conform surselor, actualul pre\u0219edinte a beneficiat de o sus\u021binere substan\u021bial\u0103 din partea membrilor afilia\u021bi, ceea ce a f\u0103cut ca rezultatul votului s\u0103 fie, \u00een mare m\u0103sur\u0103, anticipat.<\/p>\n<p>\u00cenainte de vot, R\u0103zvan Burleanu a declarat: \u201eCandidez nu doar pentru c\u0103 statutul \u00eemi permite, ci pentru c\u0103 m\u0103 bucur de \u00eencrederea voastr\u0103 \u0219i pentru c\u0103 \u00eemi place s\u0103 c\u00e2\u0219tig\u0103m \u00eempreun\u0103. Peste 80% dintre voi mi-a\u021bi trimis scrisori de sus\u021binere \u0219i m\u0103 bucur. Vreau ca, al\u0103turi de colegii mei, s\u0103 continu\u0103m s\u0103 cre\u0219tem \u00een anii urm\u0103tori.\u201d<\/p>\n<p><strong>Incidente \u00een timpul votului<\/strong><\/p>\n<p>Ilie Dr\u0103gan, contracandidatul lui Burleanu, \u00een v\u00e2rst\u0103 de 41 de ani, este o figur\u0103 mai pu\u021bin cunoscut\u0103 \u00een fotbalul rom\u00e2nesc. Ca pre\u0219edinte al clubului de juniori 3 Kids Sport, Dr\u0103gan \u0219i-a anun\u021bat candidatura ca alternativ\u0103 la actuala conducere, \u00eens\u0103 nu a reu\u0219it s\u0103 adune sus\u021binerea necesar\u0103 din partea membrilor afilia\u021bi.<\/p>\n<p>Dr\u0103gan a manifestat nemul\u021bumiri cu privire la organizarea votului, preciz\u00e2nd c\u0103 pozi\u021bionarea cabinelor de vot permitea observarea op\u021biunilor fiec\u0103rui membru. De asemenea, dup\u0103 ce nu a fost l\u0103sat s\u0103 \u00ee\u0219i sus\u021bin\u0103 discursul, acesta a \u00eenceput s\u0103 strige: \u201eE dictatur\u0103. Lua\u021bi-m\u0103 pe sus!\u201d \u00cen acela\u0219i timp, Adrian Mititelu, un sus\u021bin\u0103tor fervent al contest\u0103rii lui Burleanu, a ridicat permanent un cartona\u0219 ro\u0219u \u0219i a votat \u00eempotriva propunerilor acestuia.<\/p>\n<p>Realegerea lui R\u0103zvan Burleanu va aduce continuitate \u00een direc\u021biile strategice ale <a href=\"https:\/\/www.mediafax.ro\/sport\/cate-decizii-au-fost-schimbate-cu-sistemul-var-in-superliga-si-cupa-romaniei-statisticile-frf-23701934\" target=\"_blank\" rel=\"noopener\">FRF<\/a>, inclusiv \u00een ceea ce prive\u0219te dezvoltarea fotbalului juvenil, investi\u021biile \u00een infrastructur\u0103 \u0219i consolidarea imaginii interna\u021bionale a fotbalului rom\u00e2nesc.<\/p>\n","protected":false},"excerpt":{"rendered":"<p>UPDATE: R\u0103zvan Burleanu a fost reales pre\u0219edinte al Federa\u021biei Rom\u00e2ne de Fotbal cu un total de 258 de voturi. Ilie Dr\u0103gan a ob\u021binut doar 5 voturi, iar un vot a fost anulat. Alegerile din cadrul Federa\u021biei Rom\u00e2ne de Fotbal (FRF) s-au desf\u0103\u0219urat \u00eentr-un climat favorabil pentru R\u0103zvan Burleanu, care a candidat f\u0103r\u0103 un adversar semnificativ. [&hellip;]<\/p>\n","protected":false},"author":6,"featured_media":9329,"comment_status":"open","ping_status":"open","sticky":false,"template":"","format":"standard","meta":{"jnews-multi-image_gallery":[],"jnews_single_post":[],"jnews_primary_category":[],"jnews_override_counter":[],"footnotes":""},"categories":[46],"tags":[12117,1768,12118,2172,12116,1701,4219,2466],"class_list":["post-9328","post","type-post","status-publish","format-standard","has-post-thumbnail","hentry","category-sport","tag-alegeri-fotbal","tag-federatia-romana-de-fotbal","tag-ilie-dragan","tag-presedinte","tag-razavan-burleanu","tag-rezultate","tag-sustinere","tag-voturi"],"_links":{"self":[{"href":"https:\/\/www.newsrecorder.ro\/app\/wp-json\/wp\/v2\/posts\/9328","targetHints":{"allow":["GET"]}}],"collection":[{"href":"https:\/\/www.newsrecorder.ro\/app\/wp-json\/wp\/v2\/posts"}],"about":[{"href":"https:\/\/www.newsrecorder.ro\/app\/wp-json\/wp\/v2\/types\/post"}],"author":[{"embeddable":true,"href":"https:\/\/www.newsrecorder.ro\/app\/wp-json\/wp\/v2\/users\/6"}],"replies":[{"embeddable":true,"href":"https:\/\/www.newsrecorder.ro\/app\/wp-json\/wp\/v2\/comments?post=9328"}],"version-history":[{"count":0,"href":"https:\/\/www.newsrecorder.ro\/app\/wp-json\/wp\/v2\/posts\/9328\/revisions"}],"wp:featuredmedia":[{"embeddable":true,"href":"https:\/\/www.newsrecorder.ro\/app\/wp-json\/wp\/v2\/media\/9329"}],"wp:attachment":[{"href":"https:\/\/www.newsrecorder.ro\/app\/wp-json\/wp\/v2\/media?parent=9328"}],"wp:term":[{"taxonomy":"category","embeddable":true,"href":"https:\/\/www.newsrecorder.ro\/app\/wp-json\/wp\/v2\/categories?post=9328"},{"taxonomy":"post_tag","embeddable":true,"href":"https:\/\/www.newsrecorder.ro\/app\/wp-json\/wp\/v2\/tags?post=9328"}],"curies":[{"name":"wp","href":"https:\/\/api.w.org\/{rel}","templated":true}]}}