{"id":9334,"date":"2026-03-18T21:14:32","date_gmt":"2026-03-18T21:14:32","guid":{"rendered":"https:\/\/www.newsrecorder.ro\/app\/2026\/03\/18\/studiu-socant-150-000-de-decese-covid-19-neregistrate-la-inceputul-pandemiei\/"},"modified":"2026-03-18T21:14:32","modified_gmt":"2026-03-18T21:14:32","slug":"studiu-socant-150-000-de-decese-covid-19-neregistrate-la-inceputul-pandemiei","status":"publish","type":"post","link":"https:\/\/www.newsrecorder.ro\/app\/2026\/03\/18\/studiu-socant-150-000-de-decese-covid-19-neregistrate-la-inceputul-pandemiei\/","title":{"rendered":"Studiu \u0219ocant: 150.000 de decese COVID-19 neregistrate la \u00eenceputul pandemiei!"},"content":{"rendered":"<p>\u00cen perioada 2020-2021, aproximativ 840.000 de decese cauzate de COVID-19 au fost \u00eenregistrate oficial pe certificatele de deces. Cu toate acestea, un grup de cercet\u0103tori, folosind tehnologia inteligen\u021bei artificiale, sugereaz\u0103 c\u0103 ar putea exista p\u00e2n\u0103 la 155.000 de decese suplimentare, care nu au fost recunoscute, av\u00e2nd loc \u00een afara spitalelor. Aceasta implic\u0103 faptul c\u0103 aproximativ 16% din decesele legate de COVID-19 nu au fost contabilizate \u00een ace\u0219ti doi ani, conform unui articol publicat de <a href=\"https:\/\/apnews.com\/article\/covid-deaths-pandemic-2116ac576c57e4f4c65ff42182d4a4ef\" target=\"_blank\" rel=\"noopener\">AP<\/a>.<\/p>\n<p>Concluziile studiului, publicate miercuri \u00een revista Science Advances, se aliniaz\u0103 cu estim\u0103rile anterioare referitoare la decesele cauzate de pandemie. Autorii acestui nou studiu \u0219i-au propus s\u0103 identifice exact care dintre decese au fost mai pu\u021bin probabil s\u0103 fie incluse \u00een statisticile oficiale.<\/p>\n<p>Rezultatul a ar\u0103tat c\u0103 decesele nediagnosticate au fost mai frecvente \u00een r\u00e2ndul persoanelor hispanice \u0219i al altor minorit\u0103\u021bi etnice, \u00een special \u00een primele luni ale pandemiei, \u00een state precum Alabama, Oklahoma \u0219i Carolina de Sud.<\/p>\n<p>La \u0219ase ani de la debutul pandemiei de coronavirus \u00een SUA, provoc\u0103rile persist\u0103 pentru acelea\u0219i grupuri vulnerabile, afirm\u0103 Steven Woolf, cercet\u0103tor la Universitatea Virginia Commonwealth, care nu a fost implicat \u00een acest studiu. El subliniaz\u0103: \u201ePersoanele marginalizate continu\u0103 s\u0103 moar\u0103 \u00een rate dispropor\u021bionate din cauza lipsei accesului la \u00eengrijire.\u201d<\/p>\n<p>\u00cen timp ce pacien\u021bii spitaliza\u021bi erau testa\u021bi frecvent pentru COVID-19, mul\u021bi dintre cei care s-au \u00eemboln\u0103vit \u0219i au decedat \u00een afara spitalelor nu au beneficiat de teste, \u00een mare parte din cauza lipsei test\u0103rii la domiciliu la \u00eenceputul pandemiei, explic\u0103 autoarea studiului, Elizabeth Wrigley-Field, de la Universitatea din Minnesota.<\/p>\n<p>\u00cen anumite regiuni ale \u021b\u0103rii, investigarea deceselor este realizat\u0103 de medici legi\u0219ti, care nu au \u00eentotdeauna preg\u0103tirea adecvat\u0103 pentru a evalua cauzele decesului. Unele studii sugereaz\u0103 c\u0103 prejudec\u0103\u021bile politice pot influen\u021ba deciziile de testare pentru COVID-19, at\u00e2t la persoanele bolnave, c\u00e2t \u0219i \u00een cazul testelor post-mortem. De fapt, unii medici legi\u0219ti au raportat c\u0103 au fost presiona\u021bi de familii s\u0103 nu includ\u0103 COVID-19 ca \u0219i cauz\u0103 a decesului.<\/p>\n<p>\u201eSistemul nostru \u00eenvechit de investigare a deceselor este un motiv principal pentru care nu am reu\u0219it s\u0103 ob\u021binem num\u0103r\u0103ri precise, \u00een special \u00een afara marilor zone metropolitane\u201d, adaug\u0103 Andrew Stokes de la Universitatea din Boston, autor principal al studiului.<\/p>\n<p>Conform datelor furnizate de Centrele pentru Controlul \u0219i Prevenirea Bolilor, de la \u00eenceputul pandemiei, au fost raportate peste 1,2 milioane de decese cauzate de COVID-19, dintre care peste dou\u0103 treimi s-au \u00eenregistrat \u00een 2020 \u0219i 2021.<\/p>\n<p>Acest num\u0103r a fost adesea subiectul unor controverse, \u00een special din cauza unor afirma\u021bii false ap\u0103rute pe re\u021belele sociale care sus\u021bineau c\u0103 statisticile deceselor erau exagerate. De asemenea, fostul pre\u0219edinte Donald Trump a contribuit la aceast\u0103 ne\u00eencredere prin retweetarea unei post\u0103ri care afirma c\u0103 doar 6% din decesele raportate au fost cauzate de COVID-19, o postare care a fost ulterior eliminat\u0103 de Twitter.<\/p>\n<p>Pe l\u00e2ng\u0103 decesele cauzate direct de COVID-19, au existat \u0219i alte tipuri de decese legate de pandemie. De exemplu, pacien\u021bii cu alte afec\u021biuni medicale au murit din lipsa accesului la \u00eengrijire din cauza suprasolicit\u0103rii spitalelor. De asemenea, persoanele cu probleme de dependen\u021b\u0103 au experimentat o cre\u0219tere a supradozelor din cauza izol\u0103rii sociale \u0219i a pierderii accesului la tratamente. Alte cercet\u0103ri au \u00eencercat s\u0103 ia \u00een considerare aceste decese \u00een estim\u0103rile globale.<\/p>\n<p>Cu toate acestea, Stokes \u0219i echipa sa s-au concentrat pe decesele persoanelor infectate cu coronavirus. Folosind tehnici de \u00eenv\u0103\u021bare automat\u0103, au analizat certificatele de deces ale pacien\u021bilor care au murit \u00een spitale \u0219i au aplicat tiparele observate pentru a evalua certificatele de deces ale persoanelor decedate \u00een afara spitalelor, ale c\u0103ror cauze au fost atribuite altor afec\u021biuni precum pneumonia sau diabetul.<\/p>\n<p>\u00cen\u021belegerea cercet\u0103torilor cu privire la avantajele \u0219i limit\u0103rile cercet\u0103rii bazate pe \u00eenv\u0103\u021barea automat\u0103 este \u00eentr-o continu\u0103 evolu\u021bie, dar Woolf a numit abordarea utilizat\u0103 de aceast\u0103 echip\u0103 \u201einteresant\u0103\u201d.<\/p>\n","protected":false},"excerpt":{"rendered":"<p>\u00cen perioada 2020-2021, aproximativ 840.000 de decese cauzate de COVID-19 au fost \u00eenregistrate oficial pe certificatele de deces. Cu toate acestea, un grup de cercet\u0103tori, folosind tehnologia inteligen\u021bei artificiale, sugereaz\u0103 c\u0103 ar putea exista p\u00e2n\u0103 la 155.000 de decese suplimentare, care nu au fost recunoscute, av\u00e2nd loc \u00een afara spitalelor. Aceasta implic\u0103 faptul c\u0103 aproximativ [&hellip;]<\/p>\n","protected":false},"author":2,"featured_media":9335,"comment_status":"open","ping_status":"open","sticky":false,"template":"","format":"standard","meta":{"jnews-multi-image_gallery":[],"jnews_single_post":[],"jnews_primary_category":[],"jnews_override_counter":[],"footnotes":""},"categories":[41],"tags":[30,4141,394,12128,12129,711,12130,5475],"class_list":["post-9334","post","type-post","status-publish","format-standard","has-post-thumbnail","hentry","category-externe","tag-jnews_demo_covid-19","tag-decese","tag-inteligenta-artificiala","tag-minoritati-etnice","tag-nediagnosticate","tag-pandemie","tag-science-advances","tag-statistici"],"_links":{"self":[{"href":"https:\/\/www.newsrecorder.ro\/app\/wp-json\/wp\/v2\/posts\/9334","targetHints":{"allow":["GET"]}}],"collection":[{"href":"https:\/\/www.newsrecorder.ro\/app\/wp-json\/wp\/v2\/posts"}],"about":[{"href":"https:\/\/www.newsrecorder.ro\/app\/wp-json\/wp\/v2\/types\/post"}],"author":[{"embeddable":true,"href":"https:\/\/www.newsrecorder.ro\/app\/wp-json\/wp\/v2\/users\/2"}],"replies":[{"embeddable":true,"href":"https:\/\/www.newsrecorder.ro\/app\/wp-json\/wp\/v2\/comments?post=9334"}],"version-history":[{"count":0,"href":"https:\/\/www.newsrecorder.ro\/app\/wp-json\/wp\/v2\/posts\/9334\/revisions"}],"wp:featuredmedia":[{"embeddable":true,"href":"https:\/\/www.newsrecorder.ro\/app\/wp-json\/wp\/v2\/media\/9335"}],"wp:attachment":[{"href":"https:\/\/www.newsrecorder.ro\/app\/wp-json\/wp\/v2\/media?parent=9334"}],"wp:term":[{"taxonomy":"category","embeddable":true,"href":"https:\/\/www.newsrecorder.ro\/app\/wp-json\/wp\/v2\/categories?post=9334"},{"taxonomy":"post_tag","embeddable":true,"href":"https:\/\/www.newsrecorder.ro\/app\/wp-json\/wp\/v2\/tags?post=9334"}],"curies":[{"name":"wp","href":"https:\/\/api.w.org\/{rel}","templated":true}]}}