{"id":9344,"date":"2026-03-18T21:40:23","date_gmt":"2026-03-18T21:40:23","guid":{"rendered":"https:\/\/www.newsrecorder.ro\/app\/2026\/03\/18\/romania-trimite-cinci-atleti-la-campionatele-mondiale-in-sala\/"},"modified":"2026-03-18T21:40:23","modified_gmt":"2026-03-18T21:40:23","slug":"romania-trimite-cinci-atleti-la-campionatele-mondiale-in-sala","status":"publish","type":"post","link":"https:\/\/www.newsrecorder.ro\/app\/2026\/03\/18\/romania-trimite-cinci-atleti-la-campionatele-mondiale-in-sala\/","title":{"rendered":"Rom\u00e2nia trimite cinci atle\u021bi la Campionatele Mondiale \u00een Sal\u0103!"},"content":{"rendered":"<p>\u00cen cadrul probei masculine de aruncare a greut\u0103\u021bii, <a href=\"http:\/\/worldathletics.org\/competitions\/world-athletics-indoor-championships\/kujawypomorze26\/athletes?competitionGroup=world-athletics-indoor-championships&amp;urlSlug=kujawypomorze26&amp;countryCode=ROU\" target=\"_blank\" rel=\"noopener\">Rom\u00e2nia<\/a> va fi reprezentat\u0103 de Andrei Rare\u0219 Toader. Acest atlet rom\u00e2n a \u00eenregistrat o performan\u021b\u0103 notabil\u0103 de 21,08 metri \u00een sezonul curent, ceea ce \u00eei asigur\u0103 locul 18 \u00een clasamentul mondial. Este important de men\u021bionat c\u0103 Toader este singurul atlet rom\u00e2n care va concura \u00een probele masculine la Campionatul Mondial \u00een sal\u0103.<\/p>\n<p>Pe de alt\u0103 parte, Rom\u00e2nia va participa cu patru sportive \u00een probele feminine. La s\u0103ritura \u00een lungime, Alina Rotaru-Kottmann se prezint\u0103 cu un record personal de 6,70 metri, ocup\u00e2nd astfel locul 20 \u00een ierarhia mondial\u0103.<\/p>\n<p>\u00cen aceea\u0219i prob\u0103 de s\u0103ritura \u00een lungime o avem \u0219i pe Ramona Verman, care se afl\u0103 pe locul 34 \u00een clasamentul mondial. De asemenea, Verman este cunoscut\u0103 pentru titlul de campioan\u0103 european\u0103 U23, ob\u021binut anul trecut.<\/p>\n<p>\u00cen ceea ce prive\u0219te proba de triplusalt, Rom\u00e2nia va avea dou\u0103 reprezentante. Elena Andreea Talo\u0219, cu o performan\u021b\u0103 de 14,24 metri \u00een acest sezon, se afl\u0103 pe locul 20 la nivel mondial. Cea de-a doua atlet\u0103 este Alexia Ioana Dospin, care a \u00eenregistrat o performan\u021b\u0103 de 13,94 metri \u00een acest sezon.<\/p>\n<p>Competi\u021bia adun\u0103 laolalt\u0103 674 de sportivi din 118 federa\u021bii, dintre care 341 sunt b\u0103rba\u021bi, iar 322 sunt femei.<\/p>\n<p>Delegatia Rom\u00e2niei este sus\u021binut\u0103 de un staff tehnic experimentat, condus de Nicoleta Grasu, care \u00eendepline\u0219te rolul de lider tehnic \u0219i antrenoare. Al\u0103turi de ea se afl\u0103 antrenoarea Octavia Brosser \u0219i team leader-ul Mihai Corucle.<\/p>\n","protected":false},"excerpt":{"rendered":"<p>\u00cen cadrul probei masculine de aruncare a greut\u0103\u021bii, Rom\u00e2nia va fi reprezentat\u0103 de Andrei Rare\u0219 Toader. Acest atlet rom\u00e2n a \u00eenregistrat o performan\u021b\u0103 notabil\u0103 de 21,08 metri \u00een sezonul curent, ceea ce \u00eei asigur\u0103 locul 18 \u00een clasamentul mondial. Este important de men\u021bionat c\u0103 Toader este singurul atlet rom\u00e2n care va concura \u00een probele masculine [&hellip;]<\/p>\n","protected":false},"author":6,"featured_media":9345,"comment_status":"open","ping_status":"open","sticky":false,"template":"","format":"standard","meta":{"jnews-multi-image_gallery":[],"jnews_single_post":[],"jnews_primary_category":[],"jnews_override_counter":[],"footnotes":""},"categories":[46],"tags":[12145,12143,12141,12142,104,12146,12144,12147],"class_list":["post-9344","post","type-post","status-publish","format-standard","has-post-thumbnail","hentry","category-sport","tag-alina-rotaru-kottmann","tag-andrei-rares-toader","tag-aruncare-a-greutatii","tag-atlet-roman","tag-campionatul-mondial","tag-ramona-verman","tag-saritura-in-lungime","tag-triplusalt"],"_links":{"self":[{"href":"https:\/\/www.newsrecorder.ro\/app\/wp-json\/wp\/v2\/posts\/9344","targetHints":{"allow":["GET"]}}],"collection":[{"href":"https:\/\/www.newsrecorder.ro\/app\/wp-json\/wp\/v2\/posts"}],"about":[{"href":"https:\/\/www.newsrecorder.ro\/app\/wp-json\/wp\/v2\/types\/post"}],"author":[{"embeddable":true,"href":"https:\/\/www.newsrecorder.ro\/app\/wp-json\/wp\/v2\/users\/6"}],"replies":[{"embeddable":true,"href":"https:\/\/www.newsrecorder.ro\/app\/wp-json\/wp\/v2\/comments?post=9344"}],"version-history":[{"count":0,"href":"https:\/\/www.newsrecorder.ro\/app\/wp-json\/wp\/v2\/posts\/9344\/revisions"}],"wp:featuredmedia":[{"embeddable":true,"href":"https:\/\/www.newsrecorder.ro\/app\/wp-json\/wp\/v2\/media\/9345"}],"wp:attachment":[{"href":"https:\/\/www.newsrecorder.ro\/app\/wp-json\/wp\/v2\/media?parent=9344"}],"wp:term":[{"taxonomy":"category","embeddable":true,"href":"https:\/\/www.newsrecorder.ro\/app\/wp-json\/wp\/v2\/categories?post=9344"},{"taxonomy":"post_tag","embeddable":true,"href":"https:\/\/www.newsrecorder.ro\/app\/wp-json\/wp\/v2\/tags?post=9344"}],"curies":[{"name":"wp","href":"https:\/\/api.w.org\/{rel}","templated":true}]}}