{"id":939,"date":"2026-01-30T18:54:03","date_gmt":"2026-01-30T18:54:03","guid":{"rendered":"https:\/\/www.newsrecorder.ro\/app\/2026\/01\/30\/zelenski-ii-multumeste-lui-nicusor-dan-si-romaniei-pentru-sprijin\/"},"modified":"2026-01-30T18:54:03","modified_gmt":"2026-01-30T18:54:03","slug":"zelenski-ii-multumeste-lui-nicusor-dan-si-romaniei-pentru-sprijin","status":"publish","type":"post","link":"https:\/\/www.newsrecorder.ro\/app\/2026\/01\/30\/zelenski-ii-multumeste-lui-nicusor-dan-si-romaniei-pentru-sprijin\/","title":{"rendered":"Zelenski \u00eei mul\u021bume\u0219te lui Nicu\u0219or Dan \u0219i Rom\u00e2niei pentru sprijin!"},"content":{"rendered":"<p>Pre\u0219edintele Ucrainei, <strong>Volodimir Zelenski<\/strong>, a anun\u021bat recent pe pagina sa de Facebook c\u0103 a avut o discu\u021bie constructiv\u0103 cu <strong>Nicu\u0219or Dan<\/strong>, primarul Bucure\u0219tiului, privind ini\u021biative energetice comune menite s\u0103 \u00eent\u0103reasc\u0103 securitatea energetic\u0103 a ambelor \u021b\u0103ri. \u201eAm discutat despre proiecte energetice comune ce pot consolida semnificativ securitatea energetic\u0103 at\u00e2t a Ucrainei, c\u00e2t \u0219i a Rom\u00e2niei. Este crucial s\u0103 le realiz\u0103m pe toate. Echipele noastre vor continua discu\u021biile la nivel ministerial. Mul\u021bumesc pre\u0219edintelui \u0219i poporului rom\u00e2n pentru sprijinul acordat\u201d, a scris Zelenski.<\/p>\n<p>Detalii specifice despre proiectele energetice discutate nu au fost furnizate de pre\u0219edinte. Aceast\u0103 conversa\u021bie a avut loc \u00eentr-un context critic, av\u00e2nd \u00een vedere c\u0103 infrastructura energetic\u0103 a Ucrainei a suferit pagube considerabile \u00een ultimele luni din cauza atacurilor ruse\u0219ti.<\/p>\n<p>\u00cen plus, Zelenski a men\u021bionat c\u0103 sistemul energetic ucrainean, deja afectat, este capabil s\u0103 acopere doar 60% din necesarul de electricitate al \u021b\u0103rii \u00een aceast\u0103 iarn\u0103. Aceast\u0103 situa\u021bie este cu at\u00e2t mai alarmant\u0103 cu c\u00e2t meteorologii prognozeaz\u0103 un val de frig sever, ce se va instala \u00een Ucraina, cu temperaturi ce vor putea atinge -20 grade Celsius \u00een anumite regiuni \u00eentre 1 \u0219i 3 februarie.<\/p>\n","protected":false},"excerpt":{"rendered":"<p>Pre\u0219edintele Ucrainei, Volodimir Zelenski, a anun\u021bat recent pe pagina sa de Facebook c\u0103 a avut o discu\u021bie constructiv\u0103 cu Nicu\u0219or Dan, primarul Bucure\u0219tiului, privind ini\u021biative energetice comune menite s\u0103 \u00eent\u0103reasc\u0103 securitatea energetic\u0103 a ambelor \u021b\u0103ri. \u201eAm discutat despre proiecte energetice comune ce pot consolida semnificativ securitatea energetic\u0103 at\u00e2t a Ucrainei, c\u00e2t \u0219i a Rom\u00e2niei. Este [&hellip;]<\/p>\n","protected":false},"author":2,"featured_media":940,"comment_status":"open","ping_status":"open","sticky":false,"template":"","format":"standard","meta":{"jnews-multi-image_gallery":[],"jnews_single_post":[],"jnews_primary_category":[],"jnews_override_counter":[],"footnotes":""},"categories":[42],"tags":[646,191,286,1676,149,1675,682,1030],"class_list":["post-939","post","type-post","status-publish","format-standard","has-post-thumbnail","hentry","category-politica","tag-discutii","tag-energie","tag-nicusor-dan","tag-proiecte-energetice","tag-romania","tag-securitate-energetica","tag-ucraina","tag-zelenski"],"_links":{"self":[{"href":"https:\/\/www.newsrecorder.ro\/app\/wp-json\/wp\/v2\/posts\/939","targetHints":{"allow":["GET"]}}],"collection":[{"href":"https:\/\/www.newsrecorder.ro\/app\/wp-json\/wp\/v2\/posts"}],"about":[{"href":"https:\/\/www.newsrecorder.ro\/app\/wp-json\/wp\/v2\/types\/post"}],"author":[{"embeddable":true,"href":"https:\/\/www.newsrecorder.ro\/app\/wp-json\/wp\/v2\/users\/2"}],"replies":[{"embeddable":true,"href":"https:\/\/www.newsrecorder.ro\/app\/wp-json\/wp\/v2\/comments?post=939"}],"version-history":[{"count":0,"href":"https:\/\/www.newsrecorder.ro\/app\/wp-json\/wp\/v2\/posts\/939\/revisions"}],"wp:featuredmedia":[{"embeddable":true,"href":"https:\/\/www.newsrecorder.ro\/app\/wp-json\/wp\/v2\/media\/940"}],"wp:attachment":[{"href":"https:\/\/www.newsrecorder.ro\/app\/wp-json\/wp\/v2\/media?parent=939"}],"wp:term":[{"taxonomy":"category","embeddable":true,"href":"https:\/\/www.newsrecorder.ro\/app\/wp-json\/wp\/v2\/categories?post=939"},{"taxonomy":"post_tag","embeddable":true,"href":"https:\/\/www.newsrecorder.ro\/app\/wp-json\/wp\/v2\/tags?post=939"}],"curies":[{"name":"wp","href":"https:\/\/api.w.org\/{rel}","templated":true}]}}