{"id":9410,"date":"2026-03-19T04:10:58","date_gmt":"2026-03-19T04:10:58","guid":{"rendered":"https:\/\/www.newsrecorder.ro\/app\/2026\/03\/19\/manole-psd-refuza-bugetul-fara-modificari-cruciale\/"},"modified":"2026-03-19T04:10:58","modified_gmt":"2026-03-19T04:10:58","slug":"manole-psd-refuza-bugetul-fara-modificari-cruciale","status":"publish","type":"post","link":"https:\/\/www.newsrecorder.ro\/app\/2026\/03\/19\/manole-psd-refuza-bugetul-fara-modificari-cruciale\/","title":{"rendered":"Manole: PSD refuz\u0103 bugetul f\u0103r\u0103 modific\u0103ri cruciale!"},"content":{"rendered":"<p class=\"font-claude-response-body break-words whitespace-normal leading-[1.7]\">\u00centr-un interviu acordat la Antena 3 CNN, Manole a explicat motivul pentru care PSD adopt\u0103 o pozi\u021bie ferm\u0103, pun\u00e2nd accent pe efectele infla\u021biei asupra popula\u021biei. El a subliniat c\u0103 statul nu poate s\u0103 r\u0103m\u00e2n\u0103 indiferent fa\u021b\u0103 de cre\u0219terea pre\u021burilor bunurilor de consum \u0219i c\u0103 men\u021binerea unui echilibru social este la fel de crucial ca \u0219i stabilitatea bugetar\u0103.<\/p>\n<p class=\"font-claude-response-body break-words whitespace-normal leading-[1.7]\">\u201eGuvernul trebuie s\u0103 lucreze pentru oameni\u201d, a afirmat ministrul, men\u021bion\u00e2nd c\u0103 amendamentul propus vizeaz\u0103 \u00een mod direct 2,8 milioane de pensionari \u0219i aproape 300.000 de copii.<\/p>\n<p class=\"font-claude-response-body break-words whitespace-normal leading-[1.7]\">Referindu-se la aspectele financiare, Manole a explicat c\u0103 suma solicitat\u0103 este de 1,1 miliarde de lei, dintr-un buget total de 737 de miliarde de lei. El a respins acuza\u021biile conform c\u0103rora amendamentul ar fi exagerat sau c\u0103 ar putea destabiliza economia, prezent\u00e2nd un calcul simplu: suma reprezint\u0103 mai pu\u021bin de 0,15% din veniturile totale ale bugetului.<\/p>\n<p class=\"font-claude-response-body break-words whitespace-normal leading-[1.7]\">\u201eNu am propus un amendament care s\u0103 r\u0103stoarne bugetul \u0219i economia. Este, \u00eens\u0103, extrem de important pentru persoanele afectate\u201d, a ad\u0103ugat el.<\/p>\n<p class=\"font-claude-response-body break-words whitespace-normal leading-[1.7]\">\u00cen ceea ce prive\u0219te alternativele, Manole a subliniat c\u0103 PSD este deschis la solu\u021bii alternative, at\u00e2ta timp c\u00e2t acestea urm\u0103resc acela\u0219i obiectiv: cre\u0219terea veniturilor pentru persoanele cu venituri reduse. Totu\u0219i, el a criticat lipsa oric\u0103rei contrapropuneri din partea partenerilor de coali\u021bie, afirm\u00e2nd: \u201eToat\u0103 ziua ni s-a spus doar c\u0103 nu se poate. Niciodat\u0103 nu ni s-a prezentat o variant\u0103 mai bun\u0103.\u201d<\/p>\n<p class=\"font-claude-response-body break-words whitespace-normal leading-[1.7]\">Ministrul a reafirmat angajamentul PSD de a avea o atitudine constructiv\u0103 \u0219i a declarat c\u0103 r\u0103m\u00e2ne deschis negocierilor, dar f\u0103r\u0103 a renun\u021ba la obiectivele sociale ale amendamentului. Liderii coali\u021biei sunt a\u0219tepta\u021bi joi diminea\u021b\u0103 la o \u00eent\u00e2lnire cu Sorin Grindeanu pentru a c\u0103uta o solu\u021bie viabil\u0103.<\/p>\n","protected":false},"excerpt":{"rendered":"<p>\u00centr-un interviu acordat la Antena 3 CNN, Manole a explicat motivul pentru care PSD adopt\u0103 o pozi\u021bie ferm\u0103, pun\u00e2nd accent pe efectele infla\u021biei asupra popula\u021biei. El a subliniat c\u0103 statul nu poate s\u0103 r\u0103m\u00e2n\u0103 indiferent fa\u021b\u0103 de cre\u0219terea pre\u021burilor bunurilor de consum \u0219i c\u0103 men\u021binerea unui echilibru social este la fel de crucial ca \u0219i [&hellip;]<\/p>\n","protected":false},"author":2,"featured_media":9411,"comment_status":"open","ping_status":"open","sticky":false,"template":"","format":"standard","meta":{"jnews-multi-image_gallery":[],"jnews_single_post":[],"jnews_primary_category":[],"jnews_override_counter":[],"footnotes":""},"categories":[42],"tags":[1176,5921,301,778,2156,535,300,6194],"class_list":["post-9410","post","type-post","status-publish","format-standard","has-post-thumbnail","hentry","category-politica","tag-copii","tag-echilibru-social","tag-guvern","tag-inflatie","tag-pensionari","tag-preturi","tag-psd","tag-stabilitate-bugetara"],"_links":{"self":[{"href":"https:\/\/www.newsrecorder.ro\/app\/wp-json\/wp\/v2\/posts\/9410","targetHints":{"allow":["GET"]}}],"collection":[{"href":"https:\/\/www.newsrecorder.ro\/app\/wp-json\/wp\/v2\/posts"}],"about":[{"href":"https:\/\/www.newsrecorder.ro\/app\/wp-json\/wp\/v2\/types\/post"}],"author":[{"embeddable":true,"href":"https:\/\/www.newsrecorder.ro\/app\/wp-json\/wp\/v2\/users\/2"}],"replies":[{"embeddable":true,"href":"https:\/\/www.newsrecorder.ro\/app\/wp-json\/wp\/v2\/comments?post=9410"}],"version-history":[{"count":0,"href":"https:\/\/www.newsrecorder.ro\/app\/wp-json\/wp\/v2\/posts\/9410\/revisions"}],"wp:featuredmedia":[{"embeddable":true,"href":"https:\/\/www.newsrecorder.ro\/app\/wp-json\/wp\/v2\/media\/9411"}],"wp:attachment":[{"href":"https:\/\/www.newsrecorder.ro\/app\/wp-json\/wp\/v2\/media?parent=9410"}],"wp:term":[{"taxonomy":"category","embeddable":true,"href":"https:\/\/www.newsrecorder.ro\/app\/wp-json\/wp\/v2\/categories?post=9410"},{"taxonomy":"post_tag","embeddable":true,"href":"https:\/\/www.newsrecorder.ro\/app\/wp-json\/wp\/v2\/tags?post=9410"}],"curies":[{"name":"wp","href":"https:\/\/api.w.org\/{rel}","templated":true}]}}