{"id":9432,"date":"2026-03-19T10:02:09","date_gmt":"2026-03-19T10:02:09","guid":{"rendered":"https:\/\/www.newsrecorder.ro\/app\/2026\/03\/19\/criza-din-orientul-mijlociu-12-tari-cer-iranului-sa-opreasca-atacurile\/"},"modified":"2026-03-19T10:02:09","modified_gmt":"2026-03-19T10:02:09","slug":"criza-din-orientul-mijlociu-12-tari-cer-iranului-sa-opreasca-atacurile","status":"publish","type":"post","link":"https:\/\/www.newsrecorder.ro\/app\/2026\/03\/19\/criza-din-orientul-mijlociu-12-tari-cer-iranului-sa-opreasca-atacurile\/","title":{"rendered":"Criza din Orientul Mijlociu: 12 \u021b\u0103ri cer Iranului s\u0103 opreasc\u0103 atacurile!"},"content":{"rendered":"<p>Un atac recent cu rachet\u0103 iranian\u0103 a provocat daune semnificative unei cl\u0103diri din Tel Aviv, conform rapoartelor posturilor de pres\u0103 israeliene. Incidentul a generat activarea sirenelor \u00een diverse zone din centrul Israelului \u0219i pe \u00eentreg parcursul coastei, conform informa\u021biilor furnizate de The Times of Israel.<\/p>\n<p>\u00cen alt\u0103 parte, un spital din sudul Libanului a fost grav afectat de un atac aerian israelian. Spitalul Universitar Sheikh Ragheb Harb din Toul, situat la periferia ora\u0219ului Nabatieh, a emis o declara\u021bie \u00een care a condamnat atacul, sus\u021bin\u00e2nd c\u0103 acesta a provocat pagube la mai multe sec\u021bii, inclusiv la unitatea de terapie intensiv\u0103, \u0219i a dus la intoxica\u021bii cu fum \u00een r\u00e2ndul pacien\u021bilor \u0219i personalului. Conducerea spitalului a subliniat c\u0103 atacul reprezint\u0103 o \u00eenc\u0103lcare grav\u0103 a dreptului interna\u021bional \u0219i o amenin\u021bare direct\u0103 la adresa siguran\u021bei celor afla\u021bi \u00een \u00eengrijire.<\/p>\n<p>Ministerul Ap\u0103r\u0103rii al Arabiei Saudite a raportat c\u0103 o dron\u0103 s-a pr\u0103bu\u0219it la rafin\u0103ria Samref din portul Yanbu, iar evalu\u0103rile privind pagubele sunt \u00een curs de desf\u0103\u0219urare.<\/p>\n<p>Ce \u0219tim p\u00e2n\u0103 acum:<\/p>\n<ul>\n<li>Un raid israeliano-american a vizat o zon\u0103 reziden\u021bial\u0103 din districtul Dorud, vestul Iranului, sold\u00e2ndu-se cu moartea a cel pu\u021bin 12 persoane, conform agen\u021biei de \u0219tiri Tasnim.<\/li>\n<li>Fostul pre\u0219edinte Donald Trump a afirmat pe platforma sa Truth Social c\u0103 Statele Unite \u201enu \u0219tiau nimic\u201d despre atacul israelian asupra c\u00e2mpului de gaze South Pars, incident care a provocat reac\u021bii din partea Teheranului \u00eempotriva Qatarului.<\/li>\n<li>QatarEnergy a raportat incendii semnificative la facilit\u0103\u021bile sale de gaze naturale lichefiate ca urmare a atacurilor iraniene asupra ora\u0219ului industrial Ras Laffan.<\/li>\n<li>Trump a amenin\u021bat c\u0103 va \u201edistruge\u201d cel mai mare c\u00e2mp de gaze din lume dac\u0103 Iranul continu\u0103 atacurile.<\/li>\n<li>Ministrul saudit de externe, prin\u021bul Faisal bin Farhan Al Saud, a declarat c\u0103 Riad \u00ee\u0219i rezerv\u0103 dreptul de a lua m\u0103suri militare \u00eempotriva Iranului, dac\u0103 va fi necesar.<\/li>\n<li>The Washington Post a raportat c\u0103 Departamentul Ap\u0103r\u0103rii al SUA a solicitat Casei Albe s\u0103 aprobe o cerere de peste 200 de miliarde de dolari pentru finan\u021barea r\u0103zboiului din Iran.<\/li>\n<li>Ministerul de Externe al Emiratelor Arabe Unite a catalogat atacul iranian asupra facilit\u0103\u021bilor sale de gaze drept o \u201eescaladare periculoas\u0103\u201d \u0219i o \u00eenc\u0103lcare a dreptului interna\u021bional.<\/li>\n<li>Rezerva Federal\u0103 a SUA a majorat prognoza privind infla\u021bia, men\u021bin\u00e2nd dob\u00e2nzile neschimbate, cit\u00e2nd incertitudini economice cauzate de conflictul din Iran.<\/li>\n<\/ul>\n<p>De asemenea, Kuwait Petroleum Corporation a raportat un \u201eincendiu limitat\u201d la rafin\u0103ria Mina al-Ahmadi, provocat de impactul unei drone, dar a precizat c\u0103 nu au fost \u00eenregistrate r\u0103ni \u0219i incendiul a fost stins \u00een conformitate cu standardele de siguran\u021b\u0103.<\/p>\n<p>Armata israelian\u0103 a anun\u021bat c\u0103 a eliminat peste 20 de lupt\u0103tori Hezbollah \u00een sudul Libanului, \u00eentr-o serie de raiduri aeriene demarate dup\u0103 ce for\u021bele israeliene au anun\u021bat \u201eopera\u021biuni terestre \u021bintite\u201d \u00eempotriva pozi\u021biilor grup\u0103rii.<\/p>\n<p>Pe fondul tensiunilor cresc\u00e2nde, mini\u0219trii de externe din 12 \u021b\u0103ri, inclusiv Qatar, Azerbaidjan \u0219i Arabia Saudit\u0103, au solicitat Iranului s\u0103 \u201e\u00eenceteze imediat atacurile\u201d \u00een urma unei reuniuni la Riad, \u00een timp ce Ministerul Ap\u0103r\u0103rii al Arabiei Saudite a raportat interceptarea a opt drone \u00een regiunile Riyadh \u0219i Est.<\/p>\n<p>Un atac cu drone a avut loc asupra unei tabere americane din apropierea aeroportului din Bagdad, \u00een contextul unei serii de atacuri asupra for\u021belor paramilitare aliniate cu Iran.<\/p>\n<p>\u00cen actualiz\u0103ri recente, armata israelian\u0103 a interceptat noi rachete iraniene, iar un incident a fost raportat \u00een apropierea Ras Laffan, Qatar, unde o nav\u0103 a fost lovit\u0103 de un \u201eproiectil necunoscut\u201d, dar echipajul a fost declarat \u00een siguran\u021b\u0103. De asemenea, Australia a numit un coordonator pentru aprovizionarea cu combustibil ca reac\u021bie la blocada din Str\u00e2mtoarea Ormuz, iar pre\u021bul petrolului a crescut semnificativ, ating\u00e2nd 112 dolari.<\/p>\n<p>Trump a avertizat Iranul cu privire la atacuri \u201emasive\u201d dac\u0103 va lovi din nou obiectivele energetice ale Qatarului, subliniind c\u0103 Israelul nu va ataca c\u00e2mpul de gaze South Pars f\u0103r\u0103 un motiv \u00eentemeiat. \u00cen acela\u0219i timp, Qatarul a condamnat ac\u021biunile Iranului, subliniind c\u0103 acestea au dep\u0103\u0219it \u201eliniile ro\u0219ii\u201d \u0219i a apelat la dezamorsarea conflictului.<\/p>\n<p>\u00cen concluzie, tensiunile din Orientul Mijlociu continu\u0103 s\u0103 escaladeze, cu efecte devastatoare asupra civililor \u0219i infrastructurii vitale, iar apelurile la calm \u0219i la solu\u021bii diplomatice devin din ce \u00een ce mai urgente.<\/p>\n","protected":false},"excerpt":{"rendered":"<p>Un atac recent cu rachet\u0103 iranian\u0103 a provocat daune semnificative unei cl\u0103diri din Tel Aviv, conform rapoartelor posturilor de pres\u0103 israeliene. Incidentul a generat activarea sirenelor \u00een diverse zone din centrul Israelului \u0219i pe \u00eentreg parcursul coastei, conform informa\u021biilor furnizate de The Times of Israel. \u00cen alt\u0103 parte, un spital din sudul Libanului a fost [&hellip;]<\/p>\n","protected":false},"author":2,"featured_media":9433,"comment_status":"open","ping_status":"open","sticky":false,"template":"","format":"standard","meta":{"jnews-multi-image_gallery":[],"jnews_single_post":[],"jnews_primary_category":[],"jnews_override_counter":[],"footnotes":""},"categories":[41],"tags":[2182,12259,7471,268,1118,12260,8582,11363],"class_list":["post-9432","post","type-post","status-publish","format-standard","has-post-thumbnail","hentry","category-externe","tag-atac-aerian","tag-atac-racheta","tag-drept-international","tag-israel","tag-siguranta","tag-spital-liban","tag-tel-aviv","tag-terapie-intensiva"],"_links":{"self":[{"href":"https:\/\/www.newsrecorder.ro\/app\/wp-json\/wp\/v2\/posts\/9432","targetHints":{"allow":["GET"]}}],"collection":[{"href":"https:\/\/www.newsrecorder.ro\/app\/wp-json\/wp\/v2\/posts"}],"about":[{"href":"https:\/\/www.newsrecorder.ro\/app\/wp-json\/wp\/v2\/types\/post"}],"author":[{"embeddable":true,"href":"https:\/\/www.newsrecorder.ro\/app\/wp-json\/wp\/v2\/users\/2"}],"replies":[{"embeddable":true,"href":"https:\/\/www.newsrecorder.ro\/app\/wp-json\/wp\/v2\/comments?post=9432"}],"version-history":[{"count":0,"href":"https:\/\/www.newsrecorder.ro\/app\/wp-json\/wp\/v2\/posts\/9432\/revisions"}],"wp:featuredmedia":[{"embeddable":true,"href":"https:\/\/www.newsrecorder.ro\/app\/wp-json\/wp\/v2\/media\/9433"}],"wp:attachment":[{"href":"https:\/\/www.newsrecorder.ro\/app\/wp-json\/wp\/v2\/media?parent=9432"}],"wp:term":[{"taxonomy":"category","embeddable":true,"href":"https:\/\/www.newsrecorder.ro\/app\/wp-json\/wp\/v2\/categories?post=9432"},{"taxonomy":"post_tag","embeddable":true,"href":"https:\/\/www.newsrecorder.ro\/app\/wp-json\/wp\/v2\/tags?post=9432"}],"curies":[{"name":"wp","href":"https:\/\/api.w.org\/{rel}","templated":true}]}}