{"id":9460,"date":"2026-03-19T12:11:33","date_gmt":"2026-03-19T12:11:33","guid":{"rendered":"https:\/\/www.newsrecorder.ro\/app\/2026\/03\/19\/kremlinul-americanii-prea-ocupati-pentru-un-armistitiu-cu-ucraina\/"},"modified":"2026-03-19T12:11:33","modified_gmt":"2026-03-19T12:11:33","slug":"kremlinul-americanii-prea-ocupati-pentru-un-armistitiu-cu-ucraina","status":"publish","type":"post","link":"https:\/\/www.newsrecorder.ro\/app\/2026\/03\/19\/kremlinul-americanii-prea-ocupati-pentru-un-armistitiu-cu-ucraina\/","title":{"rendered":"Kremlinul: Americanii, prea ocupa\u021bi pentru un armisti\u021biu cu Ucraina!"},"content":{"rendered":"<p>Declara\u021biile recente au fost f\u0103cute \u00een urma unei \u00eent\u00e2lniri cu jurnali\u0219tii, conform informa\u021biilor furnizate de <a href=\"https:\/\/www.interfax.ru\/russia\/1078803\" target=\"_blank\" rel=\"noopener\">Interfax<\/a>.<\/p>\n<p>C\u00e2nd a fost \u00eentrebat despre durata pauzei \u00een negocierile dintre Moscova \u0219i Kiev, facilitate de Washington, purt\u0103torul de cuv\u00e2nt al Kremlinului, Dmitri Peskov, a afirmat c\u0103 discu\u021biile se vor relua odat\u0103 ce Statele Unite \u00ee\u0219i vor putea aloca timp pentru a aborda problema, pe care a acuzat-o c\u0103 este \u00een \u00eentregime responsabilitatea ucrainenilor.<\/p>\n<p><em>\u201eAceasta este o pauz\u0103 dictat\u0103 de circumstan\u021be, din motive evidente. Prin urmare, de \u00eendat\u0103 ce se va prezenta oportunitatea \u0219i c\u00e2nd programele tuturor celor trei p\u0103r\u021bi, \u00een special ale mediatorilor no\u0219tri americani, vor fi coordonate, ne exprim\u0103m speran\u021ba c\u0103 aceast\u0103 pauz\u0103 va fi \u00eentrerupt\u0103 \u0219i vom putea organiza o nou\u0103 rund\u0103 de discu\u021bii trilaterale,\u201d<\/em> a declarat Peskov.<\/p>\n<p>\u00cen plus, Peskov a subliniat c\u0103 grupul de lucru bilateral pe probleme economice dintre Rusia \u0219i SUA continu\u0103 s\u0103 func\u021bioneze.<\/p>\n<p>De asemenea, el a men\u021bionat c\u0103 Rusia \u00ee\u0219i men\u021bine contactul cu Ucraina \u00een privin\u021ba schimbului de prizonieri \u0219i a trupurilor militarilor deceda\u021bi pe c\u00e2mpul de lupt\u0103.<\/p>\n<p>Ministrul de Externe al Ucrainei, Heorhii Tykhyi, a indicat c\u0103 negocierile trilaterale au fost suspendate din cauza conflictului din Orientul Mijlociu, \u00een ciuda faptului c\u0103 echipele de diploma\u021bi din cele dou\u0103 \u021b\u0103ri r\u0103m\u00e2n \u00een contact zilnic.<\/p>\n","protected":false},"excerpt":{"rendered":"<p>Declara\u021biile recente au fost f\u0103cute \u00een urma unei \u00eent\u00e2lniri cu jurnali\u0219tii, conform informa\u021biilor furnizate de Interfax. C\u00e2nd a fost \u00eentrebat despre durata pauzei \u00een negocierile dintre Moscova \u0219i Kiev, facilitate de Washington, purt\u0103torul de cuv\u00e2nt al Kremlinului, Dmitri Peskov, a afirmat c\u0103 discu\u021biile se vor relua odat\u0103 ce Statele Unite \u00ee\u0219i vor putea aloca timp [&hellip;]<\/p>\n","protected":false},"author":2,"featured_media":9461,"comment_status":"open","ping_status":"open","sticky":false,"template":"","format":"standard","meta":{"jnews-multi-image_gallery":[],"jnews_single_post":[],"jnews_primary_category":[],"jnews_override_counter":[],"footnotes":""},"categories":[39],"tags":[8075,4813,920,1034,686,3012,319,2065],"class_list":["post-9460","post","type-post","status-publish","format-standard","has-post-thumbnail","hentry","category-stirile-zilei","tag-discutii-trilaterale","tag-dmitri-peskov","tag-kiev","tag-moscova","tag-negocieri","tag-pauza","tag-responsabilitate","tag-washington"],"_links":{"self":[{"href":"https:\/\/www.newsrecorder.ro\/app\/wp-json\/wp\/v2\/posts\/9460","targetHints":{"allow":["GET"]}}],"collection":[{"href":"https:\/\/www.newsrecorder.ro\/app\/wp-json\/wp\/v2\/posts"}],"about":[{"href":"https:\/\/www.newsrecorder.ro\/app\/wp-json\/wp\/v2\/types\/post"}],"author":[{"embeddable":true,"href":"https:\/\/www.newsrecorder.ro\/app\/wp-json\/wp\/v2\/users\/2"}],"replies":[{"embeddable":true,"href":"https:\/\/www.newsrecorder.ro\/app\/wp-json\/wp\/v2\/comments?post=9460"}],"version-history":[{"count":0,"href":"https:\/\/www.newsrecorder.ro\/app\/wp-json\/wp\/v2\/posts\/9460\/revisions"}],"wp:featuredmedia":[{"embeddable":true,"href":"https:\/\/www.newsrecorder.ro\/app\/wp-json\/wp\/v2\/media\/9461"}],"wp:attachment":[{"href":"https:\/\/www.newsrecorder.ro\/app\/wp-json\/wp\/v2\/media?parent=9460"}],"wp:term":[{"taxonomy":"category","embeddable":true,"href":"https:\/\/www.newsrecorder.ro\/app\/wp-json\/wp\/v2\/categories?post=9460"},{"taxonomy":"post_tag","embeddable":true,"href":"https:\/\/www.newsrecorder.ro\/app\/wp-json\/wp\/v2\/tags?post=9460"}],"curies":[{"name":"wp","href":"https:\/\/api.w.org\/{rel}","templated":true}]}}