{"id":9466,"date":"2026-03-19T12:12:45","date_gmt":"2026-03-19T12:12:45","guid":{"rendered":"https:\/\/www.newsrecorder.ro\/app\/2026\/03\/19\/islanda-ia-in-calcul-aderarea-la-ue-brexitul-ca-un-avertisment-crucial\/"},"modified":"2026-03-19T12:12:45","modified_gmt":"2026-03-19T12:12:45","slug":"islanda-ia-in-calcul-aderarea-la-ue-brexitul-ca-un-avertisment-crucial","status":"publish","type":"post","link":"https:\/\/www.newsrecorder.ro\/app\/2026\/03\/19\/islanda-ia-in-calcul-aderarea-la-ue-brexitul-ca-un-avertisment-crucial\/","title":{"rendered":"Islanda ia \u00een calcul aderarea la UE: Brexitul ca un avertisment crucial"},"content":{"rendered":"<p>Guvernul din Reykjav\u00edk se preg\u0103te\u0219te s\u0103 organizeze un referendum care va permite cet\u0103\u021benilor s\u0103 decid\u0103 dac\u0103 Islanda ar trebui s\u0103 reia oficial negocierile de aderare la Uniunea European\u0103. \u00centrebarea va fi clar\u0103 \u0219i concis\u0103: continuarea negocierilor \u2013 da sau nu. \u00cen cazul \u00een care votul va fi favorabil, discu\u021biile cu Bruxelles-ul vor demara, iar un eventual acord final va fi supus unei noi consult\u0103ri populare, conform informa\u021biilor publicate de <a href=\"https:\/\/www.euronews.com\/my-europe\/2026\/03\/19\/iceland-wary-of-brexit-cautionary-tale-ahead-of-eu-referendum-says-foreign-minister\" target=\"_blank\" rel=\"noopener\">Euronews<\/a>.<\/p>\n<p>Ministrul de externe a subliniat importan\u021ba acestui referendum, avertiz\u00e2nd c\u0103 un r\u0103spuns negativ ar putea izola \u021bara: \u201eDac\u0103 alegi s\u0103 spui nu, \u00eenchizi multe u\u0219i. Exist\u0103 riscul ca Islanda s\u0103 r\u0103m\u00e2n\u0103 singur\u0103.\u201d<\/p>\n<p>Decizia de a lua \u00een considerare aderarea la UE vine pe fondul unui context geopolitic tot mai complex, care a influen\u021bat perspectiva Islandei asupra securit\u0103\u021bii \u0219i cooper\u0103rii interna\u021bionale. Tensiunile recente dintre Statele Unite \u0219i alia\u021bii europeni, inclusiv disputa privind Groenlanda, au determinat Reykjav\u00edk s\u0103 caute o mai mare stabilitate \u00een cadrul Uniunii Europene.<\/p>\n<p>De\u0219i Islanda este deja parte a NATO, oficialii islandezi consider\u0103 c\u0103 aderarea la Uniunea European\u0103 ar putea oferi o securitate economic\u0103 sporit\u0103 \u0219i acces la decizii politice comune. De asemenea, acest pas ar putea consolida pozi\u021bia \u021b\u0103rii \u00een r\u00e2ndul statelor care \u00eemp\u0103rt\u0103\u0219esc acelea\u0219i valori.<\/p>\n<p>Cu toate acestea, procesul de aderare este privit cu pruden\u021b\u0103, iar oficialii islandezi iau \u00een considerare lec\u021biile \u00eenv\u0103\u021bate din experien\u021ba Brexitului. Ministrul de externe a subliniat cum dezbaterea din Marea Britanie a fost marcat\u0103 de informa\u021bii eronate \u0219i promisiuni nerealiste. \u201eToat\u0103 lumea \u0219tie ce s-a \u00eent\u00e2mplat la Brexit \u0219i ce informa\u021bii false au fost prezentate\u201d, a afirmat ea, subliniind necesitatea unei inform\u0103ri corecte a popula\u021biei pe parcursul acestui proces.<\/p>\n<p>De\u0219i nu este membr\u0103 a Uniunii Europene, Islanda este deja profund integrat\u0103 \u00een structurile europene, fiind parte din Spa\u021biul Economic European (prin EFTA) \u0219i Spa\u021biul Schengen, care faciliteaz\u0103 libera circula\u021bie. Aceasta \u00eenseamn\u0103 c\u0103 legisla\u021bia \u0219i standardele islandeze sunt \u00een mare parte aliniate la cele europene, ceea ce ar putea accelera procesul de aderare. Guvernul estimeaz\u0103 c\u0103 negocierile ar putea fi finalizate p\u00e2n\u0103 \u00een anul 2028.<\/p>\n<p>Cu o popula\u021bie de aproximativ 400.000 de locuitori, Islanda se afl\u0103 \u00een fa\u021ba unei decizii strategice importante: s\u0103 r\u0103m\u00e2n\u0103 \u00een afara <a href=\"https:\/\/www.mediafax.ro\/externe\/ue-vrea-sa-evite-un-nou-caz-ungaria-reguli-mai-dure-pentru-statele-care-vor-sa-adere-la-uniune-23698319\" target=\"_blank\" rel=\"noopener\">Uniunii Europene<\/a> sau s\u0103 se al\u0103ture unui bloc care promite stabilitate \u00eentr-o perioad\u0103 caracterizat\u0103 de tensiuni globale.<\/p>\n","protected":false},"excerpt":{"rendered":"<p>Guvernul din Reykjav\u00edk se preg\u0103te\u0219te s\u0103 organizeze un referendum care va permite cet\u0103\u021benilor s\u0103 decid\u0103 dac\u0103 Islanda ar trebui s\u0103 reia oficial negocierile de aderare la Uniunea European\u0103. \u00centrebarea va fi clar\u0103 \u0219i concis\u0103: continuarea negocierilor \u2013 da sau nu. \u00cen cazul \u00een care votul va fi favorabil, discu\u021biile cu Bruxelles-ul vor demara, iar un [&hellip;]<\/p>\n","protected":false},"author":2,"featured_media":9467,"comment_status":"open","ping_status":"open","sticky":false,"template":"","format":"standard","meta":{"jnews-multi-image_gallery":[],"jnews_single_post":[],"jnews_primary_category":[],"jnews_override_counter":[],"footnotes":""},"categories":[39],"tags":[1308,465,7206,686,283,874,321],"class_list":["post-9466","post","type-post","status-publish","format-standard","has-post-thumbnail","hentry","category-stirile-zilei","tag-aderare","tag-cooperare-internationala","tag-islanda","tag-negocieri","tag-referendum","tag-securitate","tag-uniunea-europeana"],"_links":{"self":[{"href":"https:\/\/www.newsrecorder.ro\/app\/wp-json\/wp\/v2\/posts\/9466","targetHints":{"allow":["GET"]}}],"collection":[{"href":"https:\/\/www.newsrecorder.ro\/app\/wp-json\/wp\/v2\/posts"}],"about":[{"href":"https:\/\/www.newsrecorder.ro\/app\/wp-json\/wp\/v2\/types\/post"}],"author":[{"embeddable":true,"href":"https:\/\/www.newsrecorder.ro\/app\/wp-json\/wp\/v2\/users\/2"}],"replies":[{"embeddable":true,"href":"https:\/\/www.newsrecorder.ro\/app\/wp-json\/wp\/v2\/comments?post=9466"}],"version-history":[{"count":0,"href":"https:\/\/www.newsrecorder.ro\/app\/wp-json\/wp\/v2\/posts\/9466\/revisions"}],"wp:featuredmedia":[{"embeddable":true,"href":"https:\/\/www.newsrecorder.ro\/app\/wp-json\/wp\/v2\/media\/9467"}],"wp:attachment":[{"href":"https:\/\/www.newsrecorder.ro\/app\/wp-json\/wp\/v2\/media?parent=9466"}],"wp:term":[{"taxonomy":"category","embeddable":true,"href":"https:\/\/www.newsrecorder.ro\/app\/wp-json\/wp\/v2\/categories?post=9466"},{"taxonomy":"post_tag","embeddable":true,"href":"https:\/\/www.newsrecorder.ro\/app\/wp-json\/wp\/v2\/tags?post=9466"}],"curies":[{"name":"wp","href":"https:\/\/api.w.org\/{rel}","templated":true}]}}