{"id":947,"date":"2026-01-30T18:54:56","date_gmt":"2026-01-30T18:54:56","guid":{"rendered":"https:\/\/www.newsrecorder.ro\/app\/2026\/01\/30\/premierul-anunta-un-pachet-de-reforme-pentru-relansarea-economica\/"},"modified":"2026-01-30T18:54:56","modified_gmt":"2026-01-30T18:54:56","slug":"premierul-anunta-un-pachet-de-reforme-pentru-relansarea-economica","status":"publish","type":"post","link":"https:\/\/www.newsrecorder.ro\/app\/2026\/01\/30\/premierul-anunta-un-pachet-de-reforme-pentru-relansarea-economica\/","title":{"rendered":"Premierul anun\u021b\u0103 un pachet de reforme pentru relansarea economic\u0103!"},"content":{"rendered":"<p>\u00centr-un interviu recent acordat <a style=\"color: #0000ff\" href=\"https:\/\/www.g4media.ro\/interviu-exclusiv-premierul-ilie-bolojan-iau-in-calcul-un-vot-de-incredere-in-pnl-se-va-transa-in-perioada-urmatoare-eu-nu-voi-sustine-o-formula-de-guverne-minoritare.html\" target=\"_blank\" rel=\"noopener\">G4Media<\/a>, premierul a fost \u00eentrebat despre sincronizarea reformelor \u00een administra\u021bie \u0219i m\u0103surile de relansare economic\u0103. R\u0103spunsul s\u0103u a fost clar: \u201eEle vor fi adoptate la pachet. Indiferent de forma \u00een care vor fi implementate, fie prin ordonan\u021b\u0103 sau angajare de r\u0103spundere, acestea vor fi adoptate simultan.\u201d<\/p>\n<p>Referitor la posibilele concesii f\u0103cute c\u0103tre PSD, premierul a subliniat c\u0103 scopul s\u0103u nu este acela de a \u00eendeplini cerin\u021bele Partidului Social Democrat, ci de a g\u0103si solu\u021bii eficiente pentru Rom\u00e2nia. \u201eEste vorba despre a crea o mas\u0103 critic\u0103 politic\u0103 pentru a avansa aceste ini\u021biative\u201d, a ad\u0103ugat el.<\/p>\n<p>Pe de alt\u0103 parte, pre\u0219edintele PSD, Sorin Grindeanu, a exprimat recent dezacordul s\u0103u fa\u021b\u0103 de \u201edecuplarea\u201d celor dou\u0103 pachete legislative, cel dedicat relans\u0103rii economice \u0219i cel pentru reforma administra\u021biei. \u00cen cadrul unei interven\u021bii la Rom\u00e2nia TV, Grindeanu a afirmat: \u201eEu cred c\u0103 lucrurile au fost bine \u00een\u021belese. Ambele pachete trebuie aprobate simultan. Nu \u00een\u021beleg aceast\u0103 \u00eenc\u0103p\u0103\u021b\u00e2nare de a ar\u0103ta ce anume? Pachetul de relansare economic\u0103 nu este pentru PSD, ci pentru economia Rom\u00e2niei.\u201d<\/p>\n<p>Aceste comentarii subliniaz\u0103 complexitatea negocierilor politice \u00een contextul adopt\u0103rii unor m\u0103suri esen\u021biale pentru dezvoltarea economic\u0103 a \u021b\u0103rii.<\/p>\n","protected":false},"excerpt":{"rendered":"<p>\u00centr-un interviu recent acordat G4Media, premierul a fost \u00eentrebat despre sincronizarea reformelor \u00een administra\u021bie \u0219i m\u0103surile de relansare economic\u0103. R\u0103spunsul s\u0103u a fost clar: \u201eEle vor fi adoptate la pachet. Indiferent de forma \u00een care vor fi implementate, fie prin ordonan\u021b\u0103 sau angajare de r\u0103spundere, acestea vor fi adoptate simultan.\u201d Referitor la posibilele concesii f\u0103cute [&hellip;]<\/p>\n","protected":false},"author":2,"featured_media":948,"comment_status":"open","ping_status":"open","sticky":false,"template":"","format":"standard","meta":{"jnews-multi-image_gallery":[],"jnews_single_post":[],"jnews_primary_category":[],"jnews_override_counter":[],"footnotes":""},"categories":[42],"tags":[1360,1687,1685,1686,300,1057,1684,637],"class_list":["post-947","post","type-post","status-publish","format-standard","has-post-thumbnail","hentry","category-politica","tag-administratie","tag-g4media","tag-initiative","tag-pachete-legislative","tag-psd","tag-reforme","tag-relansare-economica","tag-sorin-grindeanu"],"_links":{"self":[{"href":"https:\/\/www.newsrecorder.ro\/app\/wp-json\/wp\/v2\/posts\/947","targetHints":{"allow":["GET"]}}],"collection":[{"href":"https:\/\/www.newsrecorder.ro\/app\/wp-json\/wp\/v2\/posts"}],"about":[{"href":"https:\/\/www.newsrecorder.ro\/app\/wp-json\/wp\/v2\/types\/post"}],"author":[{"embeddable":true,"href":"https:\/\/www.newsrecorder.ro\/app\/wp-json\/wp\/v2\/users\/2"}],"replies":[{"embeddable":true,"href":"https:\/\/www.newsrecorder.ro\/app\/wp-json\/wp\/v2\/comments?post=947"}],"version-history":[{"count":0,"href":"https:\/\/www.newsrecorder.ro\/app\/wp-json\/wp\/v2\/posts\/947\/revisions"}],"wp:featuredmedia":[{"embeddable":true,"href":"https:\/\/www.newsrecorder.ro\/app\/wp-json\/wp\/v2\/media\/948"}],"wp:attachment":[{"href":"https:\/\/www.newsrecorder.ro\/app\/wp-json\/wp\/v2\/media?parent=947"}],"wp:term":[{"taxonomy":"category","embeddable":true,"href":"https:\/\/www.newsrecorder.ro\/app\/wp-json\/wp\/v2\/categories?post=947"},{"taxonomy":"post_tag","embeddable":true,"href":"https:\/\/www.newsrecorder.ro\/app\/wp-json\/wp\/v2\/tags?post=947"}],"curies":[{"name":"wp","href":"https:\/\/api.w.org\/{rel}","templated":true}]}}