{"id":9482,"date":"2026-03-19T16:27:38","date_gmt":"2026-03-19T16:27:38","guid":{"rendered":"https:\/\/www.newsrecorder.ro\/app\/2026\/03\/19\/pranzul-liderilor-europeni-file-de-vitel-cu-telina-in-trei-variante\/"},"modified":"2026-03-19T16:27:38","modified_gmt":"2026-03-19T16:27:38","slug":"pranzul-liderilor-europeni-file-de-vitel-cu-telina-in-trei-variante","status":"publish","type":"post","link":"https:\/\/www.newsrecorder.ro\/app\/2026\/03\/19\/pranzul-liderilor-europeni-file-de-vitel-cu-telina-in-trei-variante\/","title":{"rendered":"Pr\u00e2nzul liderilor europeni: File de vi\u021bel cu \u021belin\u0103 \u00een trei variante!"},"content":{"rendered":"<p>La masa oficial\u0103 a \u00eent\u00e2lnirii, participan\u021bii au savurat un meniu rafinat, incluz\u00e2nd p\u00e2t\u00e9 en cro\u00fbte cu legume de prim\u0103var\u0103, file de vi\u021bel \u00eenso\u021bit de \u021belin\u0103 preparat\u0103 \u00een trei moduri diferite \u0219i o tartalet\u0103 delicioas\u0103 cu mandarin\u0103 \u0219i scor\u021bi\u0219oar\u0103. Consiliul European a confirmat prezen\u021ba secretarului general al ONU, Ant\u00f3nio Guterres, la acest pr\u00e2nz de lucru.<\/p>\n<p>\u00cens\u0103, dincolo de aspectul culinar, pr\u00e2nzul a avut o semnifica\u021bie politic\u0103 profund\u0103. \u00cen invita\u021bia adresat\u0103 liderilor, pre\u0219edintele Consiliului European, Ant\u00f3nio Costa, a subliniat importan\u021ba discu\u021biilor cu Guterres, av\u00e2nd ca subiect deteriorarea situa\u021biei interna\u021bionale \u0219i modul \u00een care Uniunea European\u0103 poate sus\u021bine multilateralismul al\u0103turi de partenerii s\u0103i. Printre subiectele discutate s-au num\u0103rat explicit Libanul, Gaza \u0219i Cisiordania. Costa a subliniat, \u00eenainte de \u00eent\u00e2lnire, c\u0103 dialogul cu \u0219eful ONU este crucial at\u00e2t pentru ap\u0103rarea ordinii interna\u021bionale bazate pe reguli, c\u00e2t \u0219i pentru a r\u0103spunde provoc\u0103rilor actuale din Orientul Mijlociu.<\/p>\n<p>Summitul care se desf\u0103\u0219oar\u0103 pe 19 \u0219i 20 martie la Bruxelles este marcat de escaladarea situa\u021biei militare din Orientul Mijlociu \u0219i impactul acesteia asupra pre\u021burilor energiei \u0219i securit\u0103\u021bii energetice \u00een Uniunea European\u0103. \u00cen paralel, liderii europeni discut\u0103 teme precum competitivitatea, viitorul buget multianual, ap\u0103rarea, migra\u021bia \u0219i controversatul veto al Ungariei \u00een leg\u0103tur\u0103 cu un \u00eemprumut european de 90 de miliarde de euro destinat Ucrainei. Dup\u0103 pr\u00e2nz, discu\u021biile cu Guterres s-au concentrat pe g\u0103sirea unor solu\u021bii pentru a ameliora situa\u021bia dramatic\u0103 din regiune.<\/p>\n<p>Pentru Rom\u00e2nia, prezen\u021ba primarului Nicu\u0219or Dan la Consiliul European aduce \u00een prim-plan o prioritate urgent\u0103: identificarea de solu\u021bii pentru <a href=\"https:\/\/www.mediafax.ro\/stirile-zilei\/nicusor-dan-anunta-ca-statul-roman-va-interveni-pe-piata-de-energie-pentru-stabilizarea-preturilor-o-sa-vedeti-intr-o-saptamana-un-set-de-masuri-23706109\">reducerea pre\u021burilor ridicate la energie<\/a>, care afecteaz\u0103 at\u00e2t cet\u0103\u021benii, c\u00e2t \u0219i industria.<\/p>\n","protected":false},"excerpt":{"rendered":"<p>La masa oficial\u0103 a \u00eent\u00e2lnirii, participan\u021bii au savurat un meniu rafinat, incluz\u00e2nd p\u00e2t\u00e9 en cro\u00fbte cu legume de prim\u0103var\u0103, file de vi\u021bel \u00eenso\u021bit de \u021belin\u0103 preparat\u0103 \u00een trei moduri diferite \u0219i o tartalet\u0103 delicioas\u0103 cu mandarin\u0103 \u0219i scor\u021bi\u0219oar\u0103. Consiliul European a confirmat prezen\u021ba secretarului general al ONU, Ant\u00f3nio Guterres, la acest pr\u00e2nz de lucru. \u00cens\u0103, [&hellip;]<\/p>\n","protected":false},"author":2,"featured_media":9483,"comment_status":"open","ping_status":"open","sticky":false,"template":"","format":"standard","meta":{"jnews-multi-image_gallery":[],"jnews_single_post":[],"jnews_primary_category":[],"jnews_override_counter":[],"footnotes":""},"categories":[42],"tags":[6466,291,12330,12328,12329,7747,10571,321],"class_list":["post-9482","post","type-post","status-publish","format-standard","has-post-thumbnail","hentry","category-politica","tag-antonio-guterres","tag-consiliul-european","tag-discutii-politice","tag-masa-oficiala","tag-meniu-rafinat","tag-multilateralism","tag-situatia-internationala","tag-uniunea-europeana"],"_links":{"self":[{"href":"https:\/\/www.newsrecorder.ro\/app\/wp-json\/wp\/v2\/posts\/9482","targetHints":{"allow":["GET"]}}],"collection":[{"href":"https:\/\/www.newsrecorder.ro\/app\/wp-json\/wp\/v2\/posts"}],"about":[{"href":"https:\/\/www.newsrecorder.ro\/app\/wp-json\/wp\/v2\/types\/post"}],"author":[{"embeddable":true,"href":"https:\/\/www.newsrecorder.ro\/app\/wp-json\/wp\/v2\/users\/2"}],"replies":[{"embeddable":true,"href":"https:\/\/www.newsrecorder.ro\/app\/wp-json\/wp\/v2\/comments?post=9482"}],"version-history":[{"count":0,"href":"https:\/\/www.newsrecorder.ro\/app\/wp-json\/wp\/v2\/posts\/9482\/revisions"}],"wp:featuredmedia":[{"embeddable":true,"href":"https:\/\/www.newsrecorder.ro\/app\/wp-json\/wp\/v2\/media\/9483"}],"wp:attachment":[{"href":"https:\/\/www.newsrecorder.ro\/app\/wp-json\/wp\/v2\/media?parent=9482"}],"wp:term":[{"taxonomy":"category","embeddable":true,"href":"https:\/\/www.newsrecorder.ro\/app\/wp-json\/wp\/v2\/categories?post=9482"},{"taxonomy":"post_tag","embeddable":true,"href":"https:\/\/www.newsrecorder.ro\/app\/wp-json\/wp\/v2\/tags?post=9482"}],"curies":[{"name":"wp","href":"https:\/\/api.w.org\/{rel}","templated":true}]}}