{"id":9492,"date":"2026-03-19T19:53:57","date_gmt":"2026-03-19T19:53:57","guid":{"rendered":"https:\/\/www.newsrecorder.ro\/app\/2026\/03\/19\/dinamo-acuza-cca-si-sesizeaza-uefa-dupa-derbiul-cu-rapid\/"},"modified":"2026-03-19T19:53:57","modified_gmt":"2026-03-19T19:53:57","slug":"dinamo-acuza-cca-si-sesizeaza-uefa-dupa-derbiul-cu-rapid","status":"publish","type":"post","link":"https:\/\/www.newsrecorder.ro\/app\/2026\/03\/19\/dinamo-acuza-cca-si-sesizeaza-uefa-dupa-derbiul-cu-rapid\/","title":{"rendered":"Dinamo acuz\u0103 CCA \u0219i sesizeaz\u0103 UEFA dup\u0103 derbiul cu Rapid!"},"content":{"rendered":"<p>Clubul Dinamo 1948 a emis un comunicat oficial \u00een care \u00ee\u0219i exprim\u0103 punctul de vedere cu privire la evenimentele controversate de la meciul disputat s\u00e2mb\u0103t\u0103, 14 martie 2026, \u00eentre echipele Rapid \u0219i Dinamo.<\/p>\n<p>\u00cen document, clubul subliniaz\u0103 nemul\u021bumirea fa\u021b\u0103 de \u201econtroversele generate de modul de arbitraj, deciziile arbitrului central \u0219i impactul acestora nu doar asupra desf\u0103\u0219ur\u0103rii jocului, ci \u0219i asupra rezultatului final\u201d.<\/p>\n<p>Dinamo a precizat c\u0103 a \u00eenaintat o adres\u0103 oficial\u0103 c\u0103tre Comisia Central\u0103 a Arbitrilor, solicit\u00e2nd clarific\u0103ri despre fazele care au influen\u021bat decisiv desf\u0103\u0219urarea partidei \u0219i concluzia acesteia. Cu toate acestea, clubul a men\u021bionat c\u0103 au trecut deja mai mult de 48 de ore f\u0103r\u0103 s\u0103 primeasc\u0103 un r\u0103spuns oficial \u00een leg\u0103tur\u0103 cu aceast\u0103 solicitare.<\/p>\n<p>Una dintre cerin\u021bele clubului este de a avea acces la dialogul complet dintre arbitrul de centru \u0219i oficialul VAR referitor la o faz\u0103 controversat\u0103 din minutul 65 al meciului. Dinamo contest\u0103 validarea golului marcat de Claudiu Petrila, care a dus la egalarea scorului la 2, argument\u00e2nd c\u0103 acesta ar fi trebuit anulat din cauza unui fault al lui Andrei Borza asupra lui Alex Musi.<\/p>\n<p>\u00cen comunicatul oficial, Dinamo solicit\u0103, de asemenea, comunicarea detaliat\u0103 a discu\u021biilor legate de analiza duelului din faza premerg\u0103toare golului, inclusiv evaluarea existen\u021bei sau inexisten\u021bei unui fault asupra juc\u0103torului lor \u0219i justificarea valid\u0103rii golului conform protocolului VAR.<\/p>\n<p>Clubul solicit\u0103 ca arbitrul Istvan Kovacs s\u0103 nu mai fie delegat la meciurile echipei p\u00e2n\u0103 la clarificarea incidentului \u0219i restabilirea \u00eencrederii minime \u00een obiectivitatea \u0219i impar\u021bialitatea arbitrajului. \u00cen plus, Dinamo cere o analiz\u0103 urgent\u0103 a presta\u021biei \u00eentregii brig\u0103zi de arbitri, precum \u0219i aplicarea unor m\u0103suri disciplinare severe, propor\u021bionale cu gravitatea erorilor comise \u0219i impactul acestora asupra competi\u021biei.<\/p>\n<p>\u201eErorile de acest tip, care pot influen\u021ba decisiv rezultatul final al unui meci, pot avea consecin\u021be ireversibile \u00een economia campionatului. Punctele ob\u021binute \u00een urma unor asemenea decizii pot fi decisive, chiar \u00een cazul unei egalit\u0103\u021bi de puncte la finalul sezonului\u201d, se mai arat\u0103 \u00een comunicatul clubului. \u00cen \u00eencheiere, Dinamo 1948 \u00ee\u0219i rezerv\u0103 dreptul de a sesiza autorit\u0103\u021bile superioare ale fotbalului european, \u00een cazul \u00een care nu va exista o reac\u021bie prompt\u0103 \u0219i fundamentat\u0103 la solicit\u0103rile adresate Comisiei Centrale a Arbitrilor.<\/p>\n","protected":false},"excerpt":{"rendered":"<p>Clubul Dinamo 1948 a emis un comunicat oficial \u00een care \u00ee\u0219i exprim\u0103 punctul de vedere cu privire la evenimentele controversate de la meciul disputat s\u00e2mb\u0103t\u0103, 14 martie 2026, \u00eentre echipele Rapid \u0219i Dinamo. \u00cen document, clubul subliniaz\u0103 nemul\u021bumirea fa\u021b\u0103 de \u201econtroversele generate de modul de arbitraj, deciziile arbitrului central \u0219i impactul acestora nu doar asupra [&hellip;]<\/p>\n","protected":false},"author":6,"featured_media":9493,"comment_status":"open","ping_status":"open","sticky":false,"template":"","format":"standard","meta":{"jnews-multi-image_gallery":[],"jnews_single_post":[],"jnews_primary_category":[],"jnews_override_counter":[],"footnotes":""},"categories":[46],"tags":[5661,12345,12346,12348,4583,12349,12093,12347],"class_list":["post-9492","post","type-post","status-publish","format-standard","has-post-thumbnail","hentry","category-sport","tag-comisia-centrala-a-arbitrilor","tag-controverse-arbitraj","tag-decizii-arbitrale","tag-dialog-arbitrul-var","tag-dinamo-1948","tag-faza-controversata","tag-meci-rapid-dinamo","tag-solicitare-oficiala"],"_links":{"self":[{"href":"https:\/\/www.newsrecorder.ro\/app\/wp-json\/wp\/v2\/posts\/9492","targetHints":{"allow":["GET"]}}],"collection":[{"href":"https:\/\/www.newsrecorder.ro\/app\/wp-json\/wp\/v2\/posts"}],"about":[{"href":"https:\/\/www.newsrecorder.ro\/app\/wp-json\/wp\/v2\/types\/post"}],"author":[{"embeddable":true,"href":"https:\/\/www.newsrecorder.ro\/app\/wp-json\/wp\/v2\/users\/6"}],"replies":[{"embeddable":true,"href":"https:\/\/www.newsrecorder.ro\/app\/wp-json\/wp\/v2\/comments?post=9492"}],"version-history":[{"count":0,"href":"https:\/\/www.newsrecorder.ro\/app\/wp-json\/wp\/v2\/posts\/9492\/revisions"}],"wp:featuredmedia":[{"embeddable":true,"href":"https:\/\/www.newsrecorder.ro\/app\/wp-json\/wp\/v2\/media\/9493"}],"wp:attachment":[{"href":"https:\/\/www.newsrecorder.ro\/app\/wp-json\/wp\/v2\/media?parent=9492"}],"wp:term":[{"taxonomy":"category","embeddable":true,"href":"https:\/\/www.newsrecorder.ro\/app\/wp-json\/wp\/v2\/categories?post=9492"},{"taxonomy":"post_tag","embeddable":true,"href":"https:\/\/www.newsrecorder.ro\/app\/wp-json\/wp\/v2\/tags?post=9492"}],"curies":[{"name":"wp","href":"https:\/\/api.w.org\/{rel}","templated":true}]}}