{"id":9502,"date":"2026-03-19T19:55:19","date_gmt":"2026-03-19T19:55:19","guid":{"rendered":"https:\/\/www.newsrecorder.ro\/app\/2026\/03\/19\/braga-rastoarna-soarta-si-se-califica-in-sferturile-europa-league-2\/"},"modified":"2026-03-19T19:55:19","modified_gmt":"2026-03-19T19:55:19","slug":"braga-rastoarna-soarta-si-se-califica-in-sferturile-europa-league-2","status":"publish","type":"post","link":"https:\/\/www.newsrecorder.ro\/app\/2026\/03\/19\/braga-rastoarna-soarta-si-se-califica-in-sferturile-europa-league-2\/","title":{"rendered":"Braga r\u0103stoarn\u0103 soarta \u0219i se calific\u0103 \u00een sferturile Europa League!"},"content":{"rendered":"<p>Dup\u0103 o \u00eenfr\u00e2ngere de 0-2 \u00een turul desf\u0103\u0219urat \u00een Ungaria, echipa de fotbal Braga a reu\u0219it s\u0103 \u00eentoarc\u0103 soarta calific\u0103rii pe teren propriu, av\u00e2nd o presta\u021bie autoritar\u0103 pe Est\u00e1dio Municipal.<\/p>\n<p>Gazdele au deschis rapid scorul \u00een minutul 11, prin Ricardo Horta, iar c\u0103pitanul echipei portugheze a reu\u0219it s\u0103 \u00ee\u0219i dubleze contribu\u021bia \u00een partea secund\u0103, marc\u00e2nd din nou \u00een minutul 53.<\/p>\n<p>\u00centre cele dou\u0103 reu\u0219ite ale lui Horta, Florian Grillitsch a adus un plus de avantaj \u00een minutul 15, iar Gabri Mart\u00ednez a majorat distan\u021ba pe tabel\u0103 \u00een minutul 34, stabilind astfel un scor confortabil de 3-0 la pauz\u0103.<\/p>\n<p>Braga a controlat meciul pe toat\u0103 durata sa, domin\u00e2nd at\u00e2t posesia, c\u00e2t \u0219i ocaziile de gol, \u00een timp ce echipa maghiar\u0103 a avut dificult\u0103\u021bi \u00een a reac\u021biona \u00een fa\u021ba presiunii exercitate de gazde.<\/p>\n<p>Datorit\u0103 acestui rezultat, Braga s-a impus cu un scor general de 4-2 \u0219i a avansat \u00een sferturile competi\u021biei, unde va \u00eent\u00e2lni c\u00e2\u0219tig\u0103toarea confrunt\u0103rii dintre Real Betis \u0219i Panathinaikos.<\/p>\n<p>De men\u021bionat este faptul c\u0103 rom\u00e2nul Marius Corbu, recent transferat la Ferencv\u00e1ros, nu a fost inclus pe lista UEFA pentru acest meci.<\/p>\n<p>Partida a fost devansat\u0103 pentru ziua de miercuri, o decizie luat\u0103 \u00een urma m\u0103surilor organizatorice \u0219i de securitate impuse de UEFA, av\u00e2nd \u00een vedere apropierea geografic\u0103 dintre Braga \u0219i ora\u0219ul Porto. FC Porto, de asemenea, are programat meciul retur din optimile Europa League cu Stuttgart, care va avea loc joi, de la ora 22:00.<\/p>\n","protected":false},"excerpt":{"rendered":"<p>Dup\u0103 o \u00eenfr\u00e2ngere de 0-2 \u00een turul desf\u0103\u0219urat \u00een Ungaria, echipa de fotbal Braga a reu\u0219it s\u0103 \u00eentoarc\u0103 soarta calific\u0103rii pe teren propriu, av\u00e2nd o presta\u021bie autoritar\u0103 pe Est\u00e1dio Municipal. Gazdele au deschis rapid scorul \u00een minutul 11, prin Ricardo Horta, iar c\u0103pitanul echipei portugheze a reu\u0219it s\u0103 \u00ee\u0219i dubleze contribu\u021bia \u00een partea secund\u0103, marc\u00e2nd [&hellip;]<\/p>\n","protected":false},"author":6,"featured_media":9503,"comment_status":"open","ping_status":"open","sticky":false,"template":"","format":"standard","meta":{"jnews-multi-image_gallery":[],"jnews_single_post":[],"jnews_primary_category":[],"jnews_override_counter":[],"footnotes":""},"categories":[46],"tags":[12109,8283,56,12355,89,52,12111,1111],"class_list":["post-9502","post","type-post","status-publish","format-standard","has-post-thumbnail","hentry","category-sport","tag-braga","tag-calificare","tag-competitie","tag-estadio-municipal","tag-fotbal","tag-infrangere","tag-ricardo-horta","tag-scor"],"_links":{"self":[{"href":"https:\/\/www.newsrecorder.ro\/app\/wp-json\/wp\/v2\/posts\/9502","targetHints":{"allow":["GET"]}}],"collection":[{"href":"https:\/\/www.newsrecorder.ro\/app\/wp-json\/wp\/v2\/posts"}],"about":[{"href":"https:\/\/www.newsrecorder.ro\/app\/wp-json\/wp\/v2\/types\/post"}],"author":[{"embeddable":true,"href":"https:\/\/www.newsrecorder.ro\/app\/wp-json\/wp\/v2\/users\/6"}],"replies":[{"embeddable":true,"href":"https:\/\/www.newsrecorder.ro\/app\/wp-json\/wp\/v2\/comments?post=9502"}],"version-history":[{"count":0,"href":"https:\/\/www.newsrecorder.ro\/app\/wp-json\/wp\/v2\/posts\/9502\/revisions"}],"wp:featuredmedia":[{"embeddable":true,"href":"https:\/\/www.newsrecorder.ro\/app\/wp-json\/wp\/v2\/media\/9503"}],"wp:attachment":[{"href":"https:\/\/www.newsrecorder.ro\/app\/wp-json\/wp\/v2\/media?parent=9502"}],"wp:term":[{"taxonomy":"category","embeddable":true,"href":"https:\/\/www.newsrecorder.ro\/app\/wp-json\/wp\/v2\/categories?post=9502"},{"taxonomy":"post_tag","embeddable":true,"href":"https:\/\/www.newsrecorder.ro\/app\/wp-json\/wp\/v2\/tags?post=9502"}],"curies":[{"name":"wp","href":"https:\/\/api.w.org\/{rel}","templated":true}]}}