{"id":9508,"date":"2026-03-19T19:56:04","date_gmt":"2026-03-19T19:56:04","guid":{"rendered":"https:\/\/www.newsrecorder.ro\/app\/2026\/03\/19\/razvan-burleanu-castiga-un-nou-mandat-la-frf-alegeri-2026\/"},"modified":"2026-03-19T19:56:04","modified_gmt":"2026-03-19T19:56:04","slug":"razvan-burleanu-castiga-un-nou-mandat-la-frf-alegeri-2026","status":"publish","type":"post","link":"https:\/\/www.newsrecorder.ro\/app\/2026\/03\/19\/razvan-burleanu-castiga-un-nou-mandat-la-frf-alegeri-2026\/","title":{"rendered":"R\u0103zvan Burleanu c\u00e2\u0219tig\u0103 un nou mandat la FRF: Alegeri 2026!"},"content":{"rendered":"<p><strong>UPDATE: R\u0103zvan Burleanu a fost reales pre\u0219edinte al Federa\u021biei Rom\u00e2ne de Fotbal, c\u00e2\u0219tig\u00e2nd cu un total de 258 de voturi. Ilie Dr\u0103gan a ob\u021binut doar 5 voturi, iar un vot a fost anulat.<\/strong><\/p>\n<p>Alegerile din cadrul Federa\u021biei Rom\u00e2ne de Fotbal (FRF) s-au desf\u0103\u0219urat \u00eentr-un climat favorabil pentru actualul pre\u0219edinte, R\u0103zvan Burleanu, care a candidat f\u0103r\u0103 un contracandidat puternic. Informa\u021biile sugereaz\u0103 c\u0103 Burleanu a beneficiat de un sprijin considerabil din partea membrilor afilia\u021bi, ceea ce a f\u0103cut ca rezultatul votului s\u0103 fie, \u00een mare parte, previzibil.<\/p>\n<p>\u201eCandidez nu doar pentru c\u0103 statutul \u00eemi permite, ci \u0219i pentru c\u0103 m\u0103 bucur de \u00eencrederea voastr\u0103 \u0219i pentru c\u0103 \u00eemi place s\u0103 c\u00e2\u0219tig\u0103m \u00eempreun\u0103. Peste 80% dintre voi mi-a\u021bi trimis scrisori de sus\u021binere \u0219i m\u0103 bucur. Vreau ca, al\u0103turi de colegii mei, s\u0103 continu\u0103m s\u0103 cre\u0219tem \u00een anii urm\u0103tori\u201d, a declarat R\u0103zvan Burleanu \u00eenainte de desf\u0103\u0219urarea votului.<\/p>\n<p>\u00cen timpul votului, au avut loc unele incidente notabile. Ilie Dr\u0103gan, contracandidatul lui Burleanu, \u00een v\u00e2rst\u0103 de 41 de ani, este mai pu\u021bin cunoscut \u00een structurile actuale ale fotbalului rom\u00e2nesc. Pre\u0219edinte al clubului de juniori 3 Kids Sport, Dr\u0103gan \u0219i-a anun\u021bat candidatura ca o alternativ\u0103 la conducerea actual\u0103, \u00eens\u0103 nu a reu\u0219it s\u0103 ob\u021bin\u0103 suportul masiv al membrilor afilia\u021bi.<\/p>\n<p>Dr\u0103gan a exprimat nemul\u021bumirea fa\u021b\u0103 de modul \u00een care erau aranjate cabinele de vot, men\u021bion\u00e2nd c\u0103 din ultimele r\u00e2nduri se putea observa votul fiec\u0103rui membru. De asemenea, atunci c\u00e2nd nu a fost l\u0103sat s\u0103 \u00ee\u0219i sus\u021bin\u0103 discursul, a \u00eenceput s\u0103 strige: \u201eE dictatur\u0103. Lua\u021bi-m\u0103 pe sus!\u201d \u00cen plus, Adrian Mititelu, un contestatar activ al lui Burleanu, a fost prezent cu un cartona\u0219 ro\u0219u ridicat, vot\u00e2nd constant \u00eempotriva propunerilor prezentate de acesta.<\/p>\n<p>Realegerea lui R\u0103zvan Burleanu aduce o continuare a direc\u021biilor strategice ale <a href=\"https:\/\/www.mediafax.ro\/sport\/cate-decizii-au-fost-schimbate-cu-sistemul-var-in-superliga-si-cupa-romaniei-statisticile-frf-23701934\" target=\"_blank\" rel=\"noopener\">FRF<\/a>, incluz\u00e2nd dezvoltarea fotbalului juvenil, investi\u021biile \u00een infrastructur\u0103 \u0219i \u00eent\u0103rirea imaginii interna\u021bionale a fotbalului rom\u00e2nesc.<\/p>\n","protected":false},"excerpt":{"rendered":"<p>UPDATE: R\u0103zvan Burleanu a fost reales pre\u0219edinte al Federa\u021biei Rom\u00e2ne de Fotbal, c\u00e2\u0219tig\u00e2nd cu un total de 258 de voturi. Ilie Dr\u0103gan a ob\u021binut doar 5 voturi, iar un vot a fost anulat. Alegerile din cadrul Federa\u021biei Rom\u00e2ne de Fotbal (FRF) s-au desf\u0103\u0219urat \u00eentr-un climat favorabil pentru actualul pre\u0219edinte, R\u0103zvan Burleanu, care a candidat f\u0103r\u0103 [&hellip;]<\/p>\n","protected":false},"author":6,"featured_media":9509,"comment_status":"open","ping_status":"open","sticky":false,"template":"","format":"standard","meta":{"jnews-multi-image_gallery":[],"jnews_single_post":[],"jnews_primary_category":[],"jnews_override_counter":[],"footnotes":""},"categories":[46],"tags":[1042,12358,1768,2529,2172,3495,2586,2466],"class_list":["post-9508","post","type-post","status-publish","format-standard","has-post-thumbnail","hentry","category-sport","tag-alegeri","tag-contracandidat","tag-federatia-romana-de-fotbal","tag-frf","tag-presedinte","tag-razvan-burleanu","tag-sprijin","tag-voturi"],"_links":{"self":[{"href":"https:\/\/www.newsrecorder.ro\/app\/wp-json\/wp\/v2\/posts\/9508","targetHints":{"allow":["GET"]}}],"collection":[{"href":"https:\/\/www.newsrecorder.ro\/app\/wp-json\/wp\/v2\/posts"}],"about":[{"href":"https:\/\/www.newsrecorder.ro\/app\/wp-json\/wp\/v2\/types\/post"}],"author":[{"embeddable":true,"href":"https:\/\/www.newsrecorder.ro\/app\/wp-json\/wp\/v2\/users\/6"}],"replies":[{"embeddable":true,"href":"https:\/\/www.newsrecorder.ro\/app\/wp-json\/wp\/v2\/comments?post=9508"}],"version-history":[{"count":0,"href":"https:\/\/www.newsrecorder.ro\/app\/wp-json\/wp\/v2\/posts\/9508\/revisions"}],"wp:featuredmedia":[{"embeddable":true,"href":"https:\/\/www.newsrecorder.ro\/app\/wp-json\/wp\/v2\/media\/9509"}],"wp:attachment":[{"href":"https:\/\/www.newsrecorder.ro\/app\/wp-json\/wp\/v2\/media?parent=9508"}],"wp:term":[{"taxonomy":"category","embeddable":true,"href":"https:\/\/www.newsrecorder.ro\/app\/wp-json\/wp\/v2\/categories?post=9508"},{"taxonomy":"post_tag","embeddable":true,"href":"https:\/\/www.newsrecorder.ro\/app\/wp-json\/wp\/v2\/tags?post=9508"}],"curies":[{"name":"wp","href":"https:\/\/api.w.org\/{rel}","templated":true}]}}